{"id":7172,"date":"2023-12-04T09:30:00","date_gmt":"2023-12-04T09:30:00","guid":{"rendered":"https:\/\/improven.com\/?p=7172"},"modified":"2025-06-16T07:27:34","modified_gmt":"2025-06-16T07:27:34","slug":"como-potenciar-la-comunicacion-interna-en-mi-empresa","status":"publish","type":"post","link":"https:\/\/improven.com\/cat\/cultura-i-talent\/com-potenciar-la-comunicacio-interna-en-la-empresa\/","title":{"rendered":"Comunicaci\u00f3 interna: com potenciar-la en la meva empresa"},"content":{"rendered":"<p>En Improven creiem que l'<strong> \u00e8xit d'una empresa<\/strong> est\u00e0 estretament relacionat amb la cultura, l'ambient laboral i la motivaci\u00f3 del seu personal. Per aix\u00f2 volem preguntar-te: com \u00e9s la teva comunicaci\u00f3 interna?<\/p>\n\n\n\n<p>En aquest sentit, la inversi\u00f3 i<a href=\"https:\/\/improven.com\/cat\/estrategia\/\" target=\"_blank\" rel=\"noreferrer noopener\"> planificaci\u00f3 estrat\u00e8gica de la comunicaci\u00f3 interna<\/a> s\u00f3n fonamentals per a l'adequat funcionament i la productivitat de les organitzacions.<\/p>\n\n\n\n<p>\u00bfQu\u00e8 opines del<strong> sistema de comunicaci\u00f3 interna<\/strong> en la teua empresa?<\/p>\n\n\n\n<p>Hem d'entendre abans de res que la comunicaci\u00f3 \u00e9s una pe\u00e7a clau tant en l'\u00e0mbit laboral com en el personal, sent essencial per a l'\u00e8xit de les relacions.<\/p>\n\n\n\n<p>Quan els empleats compten amb informaci\u00f3 valuosa sobre l'empresa en la qual treballen, les seves tasques i els equips amb els quals col\u00b7laboren, es facilita el compliment conjunt d'objectius en un ambient fluid.<\/p>\n\n\n\n<p>En aquest article, us indicarem els passos a seguir per a avaluar la comunicaci\u00f3 interna en les empreses, i de regal, us oferirem uns consells pr\u00e0ctics i efectius per a millorar-la de manera r\u00e0pida i efica\u00e7.<\/p>\n\n\n\n<h2 class=\"wp-block-heading\">\u00bfQu\u00e8 es la comunicaci\u00f3 interna?&nbsp;<\/h2>\n\n\n\n<p>La comunicaci\u00f3 interna, tal com el seu nom suggereix, compr\u00e8n el <strong>conjunt d'expressions i transmissi\u00f3 de coneixement i informaci\u00f3<\/strong> que ocorre dins d'una empresa, abastant a la seva plantilla, departaments i c\u00e0rrecs directius.<\/p>\n\n\n\n<p>Parlem d'aquesta comunicaci\u00f3 que abasta tant la divulgaci\u00f3 del<a href=\"https:\/\/improven.com\/cat\/procesos\/\"> pla empresarial<\/a>, els objectius a aconseguir i els resultats obtinguts, com els valors, ideals i la<strong> cultura corporativa de l'empresa.<\/strong><\/p>\n\n\n\n<div style=\"height:12px\" aria-hidden=\"true\" class=\"wp-block-spacer\"><\/div>\n\n\n<div class=\"wp-block-image\">\n<figure class=\"aligncenter size-full is-resized\"><img loading=\"lazy\" decoding=\"async\" width=\"481\" height=\"259\" src=\"https:\/\/improven.com\/wp-content\/uploads\/2023\/11\/Que-es-la-comunicacion-interna.jpg\" alt=\"Que-es-la-comunicacion-interna\" class=\"wp-image-7174\" style=\"object-fit:cover;width:800px;height:350px\" srcset=\"https:\/\/improven.com\/wp-content\/uploads\/2023\/11\/Que-es-la-comunicacion-interna.jpg 481w, https:\/\/improven.com\/wp-content\/uploads\/2023\/11\/Que-es-la-comunicacion-interna-300x162.jpg 300w\" sizes=\"auto, (max-width: 481px) 100vw, 481px\" \/><\/figure>\n<\/div>\n\n\n<div style=\"height:12px\" aria-hidden=\"true\" class=\"wp-block-spacer\"><\/div>\n\n\n\n<p>\u00c9s de summa import\u00e0ncia que en una empresa tots els membres rebin aquest tipus de comunicaci\u00f3 interna, ja que enforteix els<strong> lla\u00e7os entre individus, equips i la visi\u00f3 compartida<\/strong> per a aconseguir els mateixos prop\u00f2sits.<\/p>\n\n\n\n<p>Mantenir a tots els departaments informats sobre les noves accions a implementar, l'evoluci\u00f3 de les vendes o simplement els canvis en el personal, els far\u00e0 sentir-se part d'una entitat. D'un tot.&nbsp;<\/p>\n\n\n\n<p>I aix\u00f2 far\u00e0 que el rendiment i el treball es potenci\u00efn significativament.<\/p>\n\n\n\n<h2 class=\"wp-block-heading\">Per qu\u00e8 hem d'implementar la comunicaci\u00f3 interna en la nostra empresa?<\/h2>\n\n\n\n<p>La import\u00e0ncia d'establir una s\u00f2lida<strong> estrat\u00e8gia de comunicaci\u00f3 interna<\/strong> radica en el correcte funcionament i rendiment \u00f2ptim d'una empresa.&nbsp;<\/p>\n\n\n\n<p>Quan la comunicaci\u00f3:<\/p>\n\n\n\n<ol class=\"wp-block-list\">\n<li>Flueix de manera cont\u00ednua i clara.<\/li>\n\n\n\n<li>Arriba a tots els membres.<\/li>\n\n\n\n<li>Els ofereix informaci\u00f3 sobre els objectius, l'organitzaci\u00f3 de les tasques i les responsabilitats de cada company en el seu lloc.&nbsp;<\/li>\n<\/ol>\n\n\n\n<p>Dir que aquesta din\u00e0mica contribueix a millorar els<strong> beneficis i resultats de l'empresa<\/strong> a llarg termini, \u00e9s quedar-se curt.&nbsp;<\/p>\n\n\n\n<p>Aix\u00ed mateix, una comunicaci\u00f3 interna accessible<strong> enforteix les<\/strong><a href=\"https:\/\/improven.com\/cat\/blog\/clima-trabajo-organizacion-excelente\/\" target=\"_blank\" rel=\"noreferrer noopener\"><strong> relacions interpersonals i entre departaments<\/strong><\/a>, fomentant la motivaci\u00f3 i enriquint la cultura corporativa.<\/p>\n\n\n\n<p>Tot aix\u00f2 repercuteix en una major qualitat en l'execuci\u00f3 del treball, incrementant la motivaci\u00f3 del personal i elevant la productivitat mitjan\u00e7ant una millor organitzaci\u00f3 general dels processos.&nbsp;<\/p>\n\n\n\n<p>El fet que cada individu conegui clarament el prop\u00f2sit de la seva labor i com dur-la a terme \u00e9s fonamental per a aix\u00f2.<\/p>\n\n\n\n<div style=\"height:18px\" aria-hidden=\"true\" class=\"wp-block-spacer\"><\/div>\n\n\n<div class=\"wp-block-image\">\n<figure class=\"aligncenter size-large is-resized\"><img loading=\"lazy\" decoding=\"async\" width=\"1024\" height=\"797\" src=\"https:\/\/improven.com\/wp-content\/uploads\/2023\/11\/45222-1024x797.jpg\" alt=\"Departamento de comunicaci\u00f3n interna en la empresa\" class=\"wp-image-7176\" style=\"object-fit:cover;width:800px;height:350px\" srcset=\"https:\/\/improven.com\/wp-content\/uploads\/2023\/11\/45222-1024x797.jpg 1024w, https:\/\/improven.com\/wp-content\/uploads\/2023\/11\/45222-300x234.jpg 300w, https:\/\/improven.com\/wp-content\/uploads\/2023\/11\/45222-768x598.jpg 768w, https:\/\/improven.com\/wp-content\/uploads\/2023\/11\/45222-1536x1196.jpg 1536w, https:\/\/improven.com\/wp-content\/uploads\/2023\/11\/45222-2048x1595.jpg 2048w\" sizes=\"auto, (max-width: 1024px) 100vw, 1024px\" \/><\/figure>\n<\/div>\n\n\n<div style=\"height:18px\" aria-hidden=\"true\" class=\"wp-block-spacer\"><\/div>\n\n\n\n<p>A m\u00e9s, la comunicaci\u00f3 dins de l'empresa consolida el comprom\u00eds dels empleats cap a l'organitzaci\u00f3, reduint la rotaci\u00f3 del personal i facilitant l'adaptaci\u00f3 de nous treballadors a un ritme laboral fonamentat en una comunicaci\u00f3 efectiva i transparent.<\/p>\n\n\n\n<h2 class=\"wp-block-heading\">Tipus de comunicaci\u00f3 interna<\/h2>\n\n\n\n<p>La comunicaci\u00f3 interna dins d'una empresa exerceix un <strong>paper crucial en el funcionament i l'\u00e8xit de l'organitzaci\u00f3<\/strong>.&nbsp;<\/p>\n\n\n\n<p>Si b\u00e9 \u00e9s important considerar com<strong> transmetre la informaci\u00f3 als equips<\/strong>, tamb\u00e9 \u00e9s fonamental comprendre quin tipus de comunicaci\u00f3 interna \u00e9s m\u00e9s adequada en cada situaci\u00f3 espec\u00edfica.<\/p>\n\n\n\n<p>En aquest sentit, resulta benefici\u00f3s classificar la comunicaci\u00f3 interna en diversos tipus segons el destinatari final, la qual cosa ens permet adaptar-la de manera m\u00e9s efectiva a les necessitats i particularitats de cada \u00e0rea i nivell jer\u00e0rquic.<\/p>\n\n\n\n<h3 class=\"wp-block-heading\">1. Comunicaci\u00f3 Vertical<\/h3>\n\n\n\n<p>Aquest<strong> tipus de comunicaci\u00f3 interna<\/strong> \u00e9s el m\u00e9s conegut, ja que es despla\u00e7a des dels c\u00e0rrecs directius fins a tots els membres de l'empresa i viceversa.&nbsp;<\/p>\n\n\n\n<p>Aqu\u00ed s'inclouen:<\/p>\n\n\n\n<ul class=\"wp-block-list\">\n<li>Les circulars o newsletters mensuals sobre els<strong> assoliments d'objectius i resultats<\/strong>.<\/li>\n\n\n\n<li>Articles amb informaci\u00f3 rellevant sobre el sector de l'empresa.<\/li>\n\n\n\n<li>Informes que detallen la<strong> cultura i visi\u00f3 corporativa<\/strong>.<\/li>\n\n\n\n<li>Tota informaci\u00f3 que aline\u00ef a l'empresa en una mateixa direcci\u00f3.<\/li>\n<\/ul>\n\n\n\n<p><\/p>\n\n\n\n<p>Quan s'inverteix el corrent i la comunicaci\u00f3 prov\u00e9 dels departaments cap a l'equip directiu, aquest ha de veure'l com:<\/p>\n\n\n\n<ul class=\"wp-block-list\">\n<li>Una <strong>comunicaci\u00f3 basada en les idees<\/strong> sorgides en les reunions peri\u00f2diques.&nbsp;<\/li>\n\n\n\n<li>Suggeriments per a millorar la<strong> organitzaci\u00f3 i productivitat<\/strong>.&nbsp;<\/li>\n\n\n\n<li>An\u00e0lisi d'acompliment.<\/li>\n\n\n\n<li><strong>Retroalimentaci\u00f3 <\/strong>des del punt de vista dels motors de l'empresa, els seus empleats.<\/li>\n<\/ul>\n\n\n\n<div style=\"height:17px\" aria-hidden=\"true\" class=\"wp-block-spacer\"><\/div>\n\n\n<div class=\"wp-block-image\">\n<figure class=\"aligncenter size-large is-resized\"><img loading=\"lazy\" decoding=\"async\" width=\"1024\" height=\"683\" src=\"https:\/\/improven.com\/wp-content\/uploads\/2023\/11\/667-1024x683.jpg\" alt=\"Tipus de comunicaci\u00f3 interna\" class=\"wp-image-7178\" style=\"object-fit:cover;width:800px;height:350px\" srcset=\"https:\/\/improven.com\/wp-content\/uploads\/2023\/11\/667-1024x683.jpg 1024w, https:\/\/improven.com\/wp-content\/uploads\/2023\/11\/667-300x200.jpg 300w, https:\/\/improven.com\/wp-content\/uploads\/2023\/11\/667-768x512.jpg 768w, https:\/\/improven.com\/wp-content\/uploads\/2023\/11\/667-1536x1024.jpg 1536w, https:\/\/improven.com\/wp-content\/uploads\/2023\/11\/667-2048x1365.jpg 2048w\" sizes=\"auto, (max-width: 1024px) 100vw, 1024px\" \/><\/figure>\n<\/div>\n\n\n<h3 class=\"wp-block-heading\">2. Comunicaci\u00f3 Horitzontal<\/h3>\n\n\n\n<p>Ocorre entre <strong>departaments i persones<\/strong> amb rols similars dins de l'empresa. Si la comunicaci\u00f3 vertical inclou a tots, aquesta \u00e9s una mica m\u00e9s selectiva i es mant\u00e9 dins dels cercles on la informaci\u00f3 \u00e9s realment rellevant.<\/p>\n\n\n\n<p>Aqu\u00ed s'inclouen entre altres:<\/p>\n\n\n\n<ul class=\"wp-block-list\">\n<li>Els punts i idees m\u00e9s destacades de les reunions departamentals.<\/li>\n\n\n\n<li>L'organitzaci\u00f3 dels equips de treball per a projectes espec\u00edfics.<\/li>\n\n\n\n<li>Comunicacions amb els clients.<\/li>\n<\/ul>\n\n\n\n<h3 class=\"wp-block-heading\">3. Comunicaci\u00f3 Segmentada<\/h3>\n\n\n\n<p>La<strong> comunicaci\u00f3 interna dins de la empresa<\/strong> no sempre necessita dirigir-se a totes les persones que treballen en ella.&nbsp;<\/p>\n\n\n\n<p>\u00c9s necessari segmentar a quins departaments i persones implica la informaci\u00f3, i \u00e9s essencial per al desenvolupament del seu treball.<\/p>\n\n\n\n<h3 class=\"wp-block-heading\">4. Comunicaci\u00f3 General<\/h3>\n\n\n\n<p>A difer\u00e8ncia de la <strong>comunicaci\u00f3 segmentada<\/strong>, en aquesta mena de comunicaci\u00f3 interna \u00e9s important involucrar a tots els empleats perqu\u00e8 l'empresa treballi i es mogui amb els mateixos objectius.<\/p>\n\n\n\n<p>Una manera d'aconseguir aix\u00f2 \u00e9s:<\/p>\n\n\n\n<ul class=\"wp-block-list\">\n<li>Mitjan\u00e7ant l'enviament de newsletters informatives a l'equip.<\/li>\n\n\n\n<li>Reunions generals.<\/li>\n\n\n\n<li>\u00das de programes de missatgeria interna i programari de recursos humans.<\/li>\n<\/ul>\n\n\n\n<h2 class=\"wp-block-heading\">Com millorar la comunicaci\u00f3 de la meva empresa?<\/h2>\n\n\n\n<p>Tal com hem esmentat, l'art de<strong> la comunicaci\u00f3 \u00e9s una habilitat essencial en l'\u00e0mbit empresarial<\/strong>, per\u00f2 sovint pot representar un desafiament per a moltes organitzacions.<\/p>\n\n\n\n<p>No obstant aix\u00f2, amb una<strong> adequada planificaci\u00f3 estrat\u00e8gica<\/strong>, la implementaci\u00f3 d'eines pr\u00e0ctiques, i un desenvolupament d'aquestes habilitats en els rols comunicadors, \u00e9s possible superar aquesta barrera i convertir-la en un pilar d'\u00e8xit en l'\u00e0mbit intern.<\/p>\n\n\n\n<div style=\"height:20px\" aria-hidden=\"true\" class=\"wp-block-spacer\"><\/div>\n\n\n<div class=\"wp-block-image\">\n<figure class=\"aligncenter size-full is-resized\"><img loading=\"lazy\" decoding=\"async\" width=\"479\" height=\"302\" src=\"https:\/\/improven.com\/wp-content\/uploads\/2023\/11\/Como-mejorar-la-comunicacion-interna-en-una-empresa.jpg\" alt=\"comunicaci\u00f3n en la empresa\" class=\"wp-image-7179\" style=\"object-fit:cover;width:800px;height:350px\" srcset=\"https:\/\/improven.com\/wp-content\/uploads\/2023\/11\/Como-mejorar-la-comunicacion-interna-en-una-empresa.jpg 479w, https:\/\/improven.com\/wp-content\/uploads\/2023\/11\/Como-mejorar-la-comunicacion-interna-en-una-empresa-300x189.jpg 300w\" sizes=\"auto, (max-width: 479px) 100vw, 479px\" \/><\/figure>\n<\/div>\n\n\n<div style=\"height:20px\" aria-hidden=\"true\" class=\"wp-block-spacer\"><\/div>\n\n\n\n<p>I per fi arribem al moment que tots est\u00e0vem esperant. Aqu\u00ed et deixem alguns consells amb el prop\u00f2sit de millorar la comunicaci\u00f3 en la teva empresa:<\/p>\n\n\n\n<h3 class=\"wp-block-heading\">Com elaborar una estrat\u00e8gia de comunicaci\u00f3?<\/h3>\n\n\n\n<p>Abans d'embarcar-nos en qualsevol projecte, \u00e9s fonamental <strong>definir clarament els objectius a aconseguir<\/strong>. El nostre full de ruta.&nbsp;<\/p>\n\n\n\n<p>Cap a on anem?<\/p>\n\n\n\n<p>Perqu\u00e8 el mateix ocorre amb la comunicaci\u00f3 interna de l'empresa.&nbsp;<\/p>\n\n\n\n<p>Dissenyar una <strong>estrat\u00e8gia acurada i precisa sobre quin tipus de comunicaci\u00f3<\/strong> establir, com dur-la a terme i quan compartir-la amb tot el personal resulta essencial per al seu \u00e8xit.&nbsp;<\/p>\n\n\n\n<p>En aquest sentit, la creaci\u00f3 d'un pla d'acci\u00f3 espec\u00edfic per a implementar-la \u00e9s altament recomanable.<\/p>\n\n\n\n<div style=\"height:20px\" aria-hidden=\"true\" class=\"wp-block-spacer\"><\/div>\n\n\n<div class=\"wp-block-image\">\n<figure class=\"aligncenter size-full is-resized\"><img loading=\"lazy\" decoding=\"async\" width=\"402\" height=\"265\" src=\"https:\/\/improven.com\/wp-content\/uploads\/2023\/11\/Estrategia-de-comunicacion-en-la-empresa.jpg\" alt=\"Estrategia-de-comunicacion-en-la-empresa\" class=\"wp-image-7180\" style=\"object-fit:cover;width:800px;height:350px\" srcset=\"https:\/\/improven.com\/wp-content\/uploads\/2023\/11\/Estrategia-de-comunicacion-en-la-empresa.jpg 402w, https:\/\/improven.com\/wp-content\/uploads\/2023\/11\/Estrategia-de-comunicacion-en-la-empresa-300x198.jpg 300w\" sizes=\"auto, (max-width: 402px) 100vw, 402px\" \/><\/figure>\n<\/div>\n\n\n<div style=\"height:20px\" aria-hidden=\"true\" class=\"wp-block-spacer\"><\/div>\n\n\n\n<h4 class=\"wp-block-heading\">Disseny del pla<\/h4>\n\n\n\n<p>En dissenyar aquest pla, \u00e9s important tenir en compte els seg\u00fcents aspectes clau:<\/p>\n\n\n\n<ul class=\"wp-block-list\">\n<li><strong>Elecci\u00f3 del llenguatge i to de la comunicaci\u00f3:<\/strong> Aquest punt ha d'ajustar-se a la cultura corporativa de l'empresa. Determinar si s'emprar\u00e0 un to m\u00e9s formal o informal en dirigir-se als empleats, de manera que la comunicaci\u00f3 sigui coherent amb els valors i la identitat de l'organitzaci\u00f3.<\/li>\n\n\n\n<li><strong>Definici\u00f3 de la informaci\u00f3 a compartir: <\/strong>Cada comunicaci\u00f3 interna ha d'estar enfocada a transmetre punts i idees espec\u00edfiques i rellevants. Evitar la sobrec\u00e0rrega d'informaci\u00f3 \u00e9s essencial per a assegurar que els missatges siguin clars i es comprenguin plenament.<\/li>\n\n\n\n<li><strong>Establiment de la periodicitat de la comunicaci\u00f3: <\/strong>\u00c9s important determinar amb quina freq\u00fc\u00e8ncia es compartiran les comunicacions. Es pot optar per un enfocament mensual, trimestral o anual, depenent de la naturalesa de la informaci\u00f3 i la din\u00e0mica de l'empresa. Aix\u00f2 assegura que la quantitat d'informaci\u00f3 compartida sigui apropiada i es mantingui una comunicaci\u00f3 constant i efectiva.<\/li>\n\n\n\n<li><strong>Selecci\u00f3 dels canals de comunicaci\u00f3:<\/strong> La forma en qu\u00e8 es transmetr\u00e0 la informaci\u00f3 \u00e9s crucial per a arribar al p\u00fablic objectiu. Es pot optar per utilitzar newsletter, correus electr\u00f2nics corporatius, reunions presencials o videoconfer\u00e8ncies, entre altres. L'elecci\u00f3 dels canals ha d'estar alineada amb les prefer\u00e8ncies i necessitats dels empleats, garantint aix\u00ed una comunicaci\u00f3 \u00f2ptima.<\/li>\n\n\n\n<li><strong>Desenvolupament d'Habilitats de Comunicaci\u00f3 en<\/strong> els anivellis\/rols de l'empresa que tindran la responsabilitat de comunicar. Moltes vegades la comunicaci\u00f3 no assorteix l'efecte desitjat, o no arriba a tots els nivells de la mateixa forma, no tant pel contingut del missatge (el que) sin\u00f3 pel COM \u00e9s transmesa. Aqu\u00ed ens referim a aquesta habilitat en la interlocuci\u00f3 sigui aquesta verbal o escrita, a l'habilitat de ser assertius i a procurar un estil que es compassi amb la cultura de l'empresa i la seva visi\u00f3 estrat\u00e8gica.<\/li>\n<\/ul>\n\n\n\n<h3 class=\"wp-block-heading\">Comunicaci\u00f3 \u00e0gil i efectiva: Eines agile<\/h3>\n\n\n\n<p>En un m\u00f3n cada vegada m\u00e9s interconnectat i globalitzat, la implementaci\u00f3 d'eines agile no sols potencia la productivitat, sin\u00f3 que tamb\u00e9 facilita enormement la<strong> comunicaci\u00f3 interna dins de la empresa<\/strong>.<\/p>\n\n\n\n<p>L'\u00fas d'aquestes<strong> eines modernes i din\u00e0miques<\/strong> permet als equips la possibilitat de con\u00e8ixer amb precisi\u00f3 quins projectes es troben en desenvolupament, quines s\u00f3n les tasques assignades per a cadascun, la documentaci\u00f3 associada, els departaments involucrats i quin \u00e9s l'objectiu global que persegueixen.<\/p>\n\n\n\n<p>Al principi, reconeixem que pot costar adaptar-se. No obstant aix\u00f2, una vegada superats els primers dies, fins a l'empleat m\u00e9s reticent a aquest <strong>tipus de tecnologia<\/strong>, acaba reconeixent la seva utilitat.<\/p>\n\n\n\n<p>A m\u00e9s, el gran avantatge radica en el fet que la gran majoria d'aquestes eines estan dissenyades per a ser f\u00e0cilment descarregades en diversos dispositius, la qual cosa permet mantenir els projectes actualitzats en temps real i mantenir informat a cada membre de l'equip en el moment prec\u00eds.<\/p>\n\n\n\n<p>Aquestes eines agile solen incloure caracter\u00edstiques com:<\/p>\n\n\n\n<ul class=\"wp-block-list\">\n<li>Taulers visuals.<\/li>\n\n\n\n<li>Actualitzaci\u00f3 en temps real.<\/li>\n\n\n\n<li>Notificacions autom\u00e0tiques.<\/li>\n\n\n\n<li>Possibilitat d'assignar tasques espec\u00edfiques a cada membre de l'equip.&nbsp;<\/li>\n<\/ul>\n\n\n\n<p><\/p>\n\n\n\n<p>A m\u00e9s, en tenir acc\u00e9s a la mateixa plataforma i compartir informaci\u00f3 de manera centralitzada, s'eviten malentesos i s'optimitzen els fluxos de treball.<\/p>\n\n\n\n<p>\u00c9s important destacar que la implementaci\u00f3 d'aquestes eines agile no sols impacta positivament en la comunicaci\u00f3 interna, sin\u00f3 que tamb\u00e9 contribueix a una <a href=\"https:\/\/improven.com\/cat\/cultura-y-talento\/\" target=\"_blank\" rel=\"noreferrer noopener\">cultura de treball m\u00e9s eficient i col\u00b7laborativa<\/a> a tota l'empresa.&nbsp;<\/p>\n\n\n\n<div style=\"height:17px\" aria-hidden=\"true\" class=\"wp-block-spacer\"><\/div>\n\n\n<div class=\"wp-block-image\">\n<figure class=\"aligncenter size-full is-resized\"><img loading=\"lazy\" decoding=\"async\" width=\"401\" height=\"249\" src=\"https:\/\/improven.com\/wp-content\/uploads\/2023\/11\/Importancia-de-la-comunicacion-interna-en-las-relaciones-laborales.jpg\" alt=\"Importancia-de-la-comunicacion-interna-en-las-relaciones-laborales\" class=\"wp-image-7181\" style=\"object-fit:cover;width:800px;height:350px\" srcset=\"https:\/\/improven.com\/wp-content\/uploads\/2023\/11\/Importancia-de-la-comunicacion-interna-en-las-relaciones-laborales.jpg 401w, https:\/\/improven.com\/wp-content\/uploads\/2023\/11\/Importancia-de-la-comunicacion-interna-en-las-relaciones-laborales-300x186.jpg 300w\" sizes=\"auto, (max-width: 401px) 100vw, 401px\" \/><\/figure>\n<\/div>\n\n\n<div style=\"height:17px\" aria-hidden=\"true\" class=\"wp-block-spacer\"><\/div>\n\n\n\n<h3 class=\"wp-block-heading\">Trenca qualsevol barrera comunicativa<\/h3>\n\n\n\n<p>A vegades, la comunicaci\u00f3 interna pot quedar-se estancada i no aconseguir arribar a totes les persones involucrades, la qual cosa dona lloc a la falta d'informaci\u00f3 o fins i tot a la desinformaci\u00f3 en assumptes rellevants per a l'empresa.<\/p>\n\n\n\n<p>Per a abordar aquest desafiament, \u00e9s fonamental<strong> obrir diversos canals de comunicaci\u00f3 interna <\/strong>que estiguin disponibles per a tots els membres de l'equip.&nbsp;<\/p>\n\n\n\n<p>Aquesta pr\u00e0ctica garanteix que la<strong> informaci\u00f3 estigui a l'abast de tots<\/strong>, la qual cosa fomenta un sentit de pertinen\u00e7a i rellev\u00e0ncia en cada individu.<\/p>\n\n\n\n<p>En aquest sentit, \u00e9s imprescindible proporcionar als treballadors un <strong>sistema de comunicaci\u00f3 interna<\/strong> que faciliti l'intercanvi de necessitats, estats de treball i idees per al desenvolupament conjunt.&nbsp;<\/p>\n\n\n\n<p>En fer-ho, s'aconsegueix que la<strong>comunicaci\u00f3 sigui transparent i accessible <\/strong>per a tots els col\u00b7laboradors.<\/p>\n\n\n\n<p>Quan la informaci\u00f3 flueix sense obstacles, s'enforteix la col\u00b7laboraci\u00f3 entre els equips i es facilita l'intercanvi d'idees i coneixements, la qual cosa finalment es tradueix en un augment de la productivitat.<\/p>\n\n\n\n<div style=\"height:15px\" aria-hidden=\"true\" class=\"wp-block-spacer\"><\/div>\n\n\n<div class=\"wp-block-image\">\n<figure class=\"aligncenter size-full is-resized\"><img loading=\"lazy\" decoding=\"async\" width=\"481\" height=\"272\" src=\"https:\/\/improven.com\/wp-content\/uploads\/2023\/11\/Buen-ambiente-laboral-gracias-a-la-comunicacion-interna.jpg\" alt=\"Buen-ambiente-laboral-gracias-a-la-comunicacion-interna\" class=\"wp-image-7182\" style=\"object-fit:cover;width:800px;height:350px\" srcset=\"https:\/\/improven.com\/wp-content\/uploads\/2023\/11\/Buen-ambiente-laboral-gracias-a-la-comunicacion-interna.jpg 481w, https:\/\/improven.com\/wp-content\/uploads\/2023\/11\/Buen-ambiente-laboral-gracias-a-la-comunicacion-interna-300x170.jpg 300w\" sizes=\"auto, (max-width: 481px) 100vw, 481px\" \/><\/figure>\n<\/div>\n\n\n<div style=\"height:15px\" aria-hidden=\"true\" class=\"wp-block-spacer\"><\/div>\n\n\n\n<p>La creaci\u00f3 d'un ambient propici per a <strong>compartir informaci\u00f3 i opinions<\/strong> contribueix a enfortir el sentit de comunitat i comprom\u00eds amb els objectius comuns de l'empresa.<\/p>\n\n\n\n<p>Per a aconseguir l'\u00e8xit en aquesta \u00e0rea, \u00e9s fonamental adoptar tecnologies i eines adequades que facilitin la comunicaci\u00f3 interna.&nbsp;<\/p>\n\n\n\n<p>Des de <strong>plataformes de missatgeria instant\u00e0nia i xarxes socials corporatives<\/strong>, fins a Intranets i newsletters informatives, com es pot veure, les opcions s\u00f3n variades i poden adaptar-se a les necessitats espec\u00edfiques de cada organitzaci\u00f3.<\/p>\n\n\n\n<h3 class=\"wp-block-heading\">Empodera als teus empleats&nbsp;<\/h3>\n\n\n\n<p>En un apartat anterior, hem examinat els distints<strong> tipus de comunicaci\u00f3<\/strong> presents en l'empresa. La diversificaci\u00f3 i obertura de totes aquestes possibilitats enriqueixen el coneixement que cada individu posseeix sobre diferents aspectes organitzacionals.<\/p>\n\n\n\n<p>En aquest context, la comunicaci\u00f3 no ha de limitar-se \u00fanicament a una direcci\u00f3, sin\u00f3 que <strong>ha de ser bidireccional i involucrar activament als empleats<\/strong>. Tant informar les persones com con\u00e8ixer les seves inquietuds i problemes resulta d'igual import\u00e0ncia.<\/p>\n\n\n\n<p>No obstant aix\u00f2, aquest enfocament no sempre \u00e9s senzill, ja que algunes persones poden mostrar retic\u00e8ncia a expressar i compartir les seves idees.&nbsp;<\/p>\n\n\n\n<p>Per tant, es torna fonamental crear una cultura empresarial que fomenti una <strong>comunicaci\u00f3 s\u00f2lida i efectiva<\/strong> en tota l'organitzaci\u00f3 i establir les millors vies per a la seva transmissi\u00f3.<\/p>\n\n\n\n<p>Per a aconseguir la participaci\u00f3 activa dels empleats en la comunicaci\u00f3 interna, \u00e9s recomanable implementar pr\u00e0ctiques com:<\/p>\n\n\n\n<p><strong>Enquestes i b\u00fasties de suggeriments<\/strong><\/p>\n\n\n\n<p>Establir mecanismes que facilitin l'expressi\u00f3 d'opinions i propostes per part dels empleats, fins i tot de manera an\u00f2nima si aix\u00ed ho desitgen, perqu\u00e8 se sentin m\u00e9s c\u00f2modes en compartir les seves idees.<\/p>\n\n\n\n<p><strong>Reunions de retroalimentaci\u00f3 (Feedback)<\/strong><\/p>\n\n\n\n<p>Fomentar espais peri\u00f2dics en els quals els empleats puguin expressar les seves inquietuds i plantejar preguntes o suggeriments directament als l\u00edders i responsables de l'empresa.<\/p>\n\n\n\n<p><strong>Programes de mentoria i coaching<\/strong><\/p>\n\n\n\n<p>Estimular el desenvolupament personal i professional dels empleats a trav\u00e9s de programes que fomentin la comunicaci\u00f3 i l'aprenentatge mutu.<\/p>\n\n\n\n<p><strong>Cultura de portes obertes<\/strong><\/p>\n\n\n\n<p>Fomentar una cultura organitzacional en la qual els l\u00edders i directius estiguin accessibles i disposats a escoltar i dialogar amb els empleats en qualsevol moment.<\/p>\n\n\n\n<h3 class=\"wp-block-heading\">Unifica la veu de la teva empresa.<\/h3>\n\n\n\n<p>Sovint, la<strong> responsabilitat de la comunicaci\u00f3 interna<\/strong> en una empresa no recau \u00fanicament en l'alta direcci\u00f3.&nbsp;<\/p>\n\n\n\n<p>En algunes situacions, \u00e9s essencial aprendre a delegar, buscar assessorament i permetre que altres persones s'encarreguin dels projectes per a aconseguir els objectius desitjats de manera m\u00e9s efectiva.<\/p>\n\n\n\n<p>Una alternativa valuosa \u00e9s crear un departament dedicat espec\u00edficament a la comunicaci\u00f3 o seleccionar individus capacitats per a<strong> recopilar la informaci\u00f3 necess\u00e0ria <\/strong>per a les comunicacions internes.&nbsp;<\/p>\n\n\n\n<div style=\"height:17px\" aria-hidden=\"true\" class=\"wp-block-spacer\"><\/div>\n\n\n<div class=\"wp-block-image\">\n<figure class=\"aligncenter size-full is-resized\"><img loading=\"lazy\" decoding=\"async\" width=\"339\" height=\"211\" src=\"https:\/\/improven.com\/wp-content\/uploads\/2023\/11\/Profesionales-de-la-comunicacion-interna-para-asesorar-a-las-empresas.jpg\" alt=\"Profesionales-de-la-comunicacion-interna-para-asesorar-a-las-empresas\" class=\"wp-image-7183\" style=\"object-fit:cover;width:800px;height:350px\" srcset=\"https:\/\/improven.com\/wp-content\/uploads\/2023\/11\/Profesionales-de-la-comunicacion-interna-para-asesorar-a-las-empresas.jpg 339w, https:\/\/improven.com\/wp-content\/uploads\/2023\/11\/Profesionales-de-la-comunicacion-interna-para-asesorar-a-las-empresas-300x187.jpg 300w\" sizes=\"auto, (max-width: 339px) 100vw, 339px\" \/><\/figure>\n<\/div>\n\n\n<div style=\"height:17px\" aria-hidden=\"true\" class=\"wp-block-spacer\"><\/div>\n\n\n\n<p>Aquests professionals de la comunicaci\u00f3 poden prestar assessorament per a establir una estrat\u00e8gia comunicativa m\u00e9s efectiva, <strong>implementar m\u00e8todes nous i millorar els processos existents.<\/strong><\/p>\n\n\n\n<p>En el nostre article, hem subratllat la import\u00e0ncia i els beneficis de comptar amb un <strong>sistema s\u00f2lid de comunicaci\u00f3 interna en les empreses<\/strong>.&nbsp;<\/p>\n\n\n\n<p>No obstant aix\u00f2, en moltes ocasions, aquest aspecte no rep l'atenci\u00f3 que mereix, potser a causa de la<strong> falta de coneixement<\/strong> sobre com abordar-ho, la qual cosa porta a postergar la seva resoluci\u00f3.<\/p>\n\n\n\n<p>No obstant aix\u00f2, mitjan\u00e7ant aquestes cinc estrat\u00e8gies per a<strong> millorar la comunicaci\u00f3 en la teva empresa<\/strong>, busquem oferir-te l'assist\u00e8ncia necess\u00e0ria per a enfortir la comunicaci\u00f3 interna i avaluar quina d'aquestes opcions s'adapta millor al model de la teva organitzaci\u00f3.<\/p>\n\n\n\n<p>L'\u00e8xit d'una empresa est\u00e0 estretament vinculat amb la seva cultura, l'ambient laboral i la<strong> motivaci\u00f3 del seu equip hum\u00e0<\/strong>.&nbsp;<\/p>\n\n\n\n<p>Per tant,<strong> invertir i planificar estrat\u00e8gicament<\/strong> la comunicaci\u00f3 interna resulta essencial per a garantir l'adequat funcionament i la productivitat de l'organitzaci\u00f3.<\/p>","protected":false},"excerpt":{"rendered":"<p>En Improven creemos que el \u00e9xito de una empresa est\u00e1 estrechamente relacionado con la cultura, el ambiente laboral y la motivaci\u00f3n de su personal. Por eso queremos preguntarte: \u00bfc\u00f3mo es tu comunicaci\u00f3n interna? En este sentido, la inversi\u00f3n y planificaci\u00f3n estrat\u00e9gica de la comunicaci\u00f3n interna son fundamentales para el adecuado funcionamiento y la productividad de [&hellip;]<\/p>","protected":false},"author":17,"featured_media":12010,"comment_status":"closed","ping_status":"closed","sticky":false,"template":"","format":"standard","meta":{"_acf_changed":false,"footnotes":""},"categories":[131,33],"tags":[],"class_list":["post-7172","post","type-post","status-publish","format-standard","has-post-thumbnail","hentry","category-articulo","category-cultura-y-talento"],"acf":[],"yoast_head":"<!-- This site is optimized with the Yoast SEO plugin v21.2 - https:\/\/yoast.com\/wordpress\/plugins\/seo\/ -->\n<title>Comunicaci\u00f3n interna: c\u00f3mo potenciarla en mi empresa - Improven<\/title>\n<meta name=\"description\" content=\"Cuando la comunicaci\u00f3n fluye de manera continua y clara, llega a todos los miembros. As\u00ed es c\u00f3mo deber\u00eda ser la comunicaci\u00f3n interna.\" \/>\n<meta name=\"robots\" content=\"index, follow, max-snippet:-1, max-image-preview:large, max-video-preview:-1\" \/>\n<link rel=\"canonical\" href=\"https:\/\/improven.com\/cat\/cultura-i-talent\/com-potenciar-la-comunicacio-interna-en-la-empresa\/\" \/>\n<meta property=\"og:locale\" content=\"ca_ES\" \/>\n<meta property=\"og:type\" content=\"article\" \/>\n<meta property=\"og:title\" content=\"Comunicaci\u00f3n interna: c\u00f3mo potenciarla en mi empresa - Improven\" \/>\n<meta property=\"og:description\" content=\"Cuando la comunicaci\u00f3n fluye de manera continua y clara, llega a todos los miembros. As\u00ed es c\u00f3mo deber\u00eda ser la comunicaci\u00f3n interna.\" \/>\n<meta property=\"og:url\" content=\"https:\/\/improven.com\/cat\/cultura-i-talent\/com-potenciar-la-comunicacio-interna-en-la-empresa\/\" \/>\n<meta property=\"og:site_name\" content=\"Improven\" \/>\n<meta property=\"article:published_time\" content=\"2023-12-04T09:30:00+00:00\" \/>\n<meta property=\"article:modified_time\" content=\"2025-06-16T07:27:34+00:00\" \/>\n<meta property=\"og:image\" content=\"https:\/\/improven.com\/wp-content\/uploads\/2023\/12\/PB-imagen-destacada-improven-5.png\" \/>\n\t<meta property=\"og:image:width\" content=\"1200\" \/>\n\t<meta property=\"og:image:height\" content=\"522\" \/>\n\t<meta property=\"og:image:type\" content=\"image\/png\" \/>\n<meta name=\"author\" content=\"Improven\" \/>\n<meta name=\"twitter:card\" content=\"summary_large_image\" \/>\n<meta name=\"twitter:label1\" content=\"Escrit per\" \/>\n\t<meta name=\"twitter:data1\" content=\"Improven\" \/>\n\t<meta name=\"twitter:label2\" content=\"Temps estimat de lectura\" \/>\n\t<meta name=\"twitter:data2\" content=\"13 minuts\" \/>\n<script type=\"application\/ld+json\" class=\"yoast-schema-graph\">{\"@context\":\"https:\/\/schema.org\",\"@graph\":[{\"@type\":\"WebPage\",\"@id\":\"https:\/\/improven.com\/cat\/cultura-i-talent\/com-potenciar-la-comunicacio-interna-en-la-empresa\/\",\"url\":\"https:\/\/improven.com\/cat\/cultura-i-talent\/com-potenciar-la-comunicacio-interna-en-la-empresa\/\",\"name\":\"Comunicaci\u00f3n interna: c\u00f3mo potenciarla en mi empresa - Improven\",\"isPartOf\":{\"@id\":\"https:\/\/improven.com\/cat\/#website\"},\"datePublished\":\"2023-12-04T09:30:00+00:00\",\"dateModified\":\"2025-06-16T07:27:34+00:00\",\"author\":{\"@id\":\"https:\/\/improven.com\/cat\/#\/schema\/person\/c29931e7caaee0ccbfbc357c6f45f751\"},\"description\":\"Cuando la comunicaci\u00f3n fluye de manera continua y clara, llega a todos los miembros. As\u00ed es c\u00f3mo deber\u00eda ser la comunicaci\u00f3n interna.\",\"inLanguage\":\"ca\",\"potentialAction\":[{\"@type\":\"ReadAction\",\"target\":[\"https:\/\/improven.com\/cat\/cultura-i-talent\/com-potenciar-la-comunicacio-interna-en-la-empresa\/\"]}]},{\"@type\":\"WebSite\",\"@id\":\"https:\/\/improven.com\/cat\/#website\",\"url\":\"https:\/\/improven.com\/cat\/\",\"name\":\"Improven\",\"description\":\"\",\"potentialAction\":[{\"@type\":\"SearchAction\",\"target\":{\"@type\":\"EntryPoint\",\"urlTemplate\":\"https:\/\/improven.com\/cat\/?s={search_term_string}\"},\"query-input\":\"required name=search_term_string\"}],\"inLanguage\":\"ca\"},{\"@type\":\"Person\",\"@id\":\"https:\/\/improven.com\/cat\/#\/schema\/person\/c29931e7caaee0ccbfbc357c6f45f751\",\"name\":\"Improven\",\"image\":{\"@type\":\"ImageObject\",\"inLanguage\":\"ca\",\"@id\":\"https:\/\/improven.com\/cat\/#\/schema\/person\/image\/\",\"url\":\"https:\/\/secure.gravatar.com\/avatar\/aa181b67f681c09d567cd04bf5b7b036fa751a60232a1bcf1ffbcf27df560489?s=96&d=mm&r=g\",\"contentUrl\":\"https:\/\/secure.gravatar.com\/avatar\/aa181b67f681c09d567cd04bf5b7b036fa751a60232a1bcf1ffbcf27df560489?s=96&d=mm&r=g\",\"caption\":\"Improven\"},\"url\":\"https:\/\/improven.com\/cat\/author\/improven\/\"}]}<\/script>\n<!-- \/ Yoast SEO plugin. -->","yoast_head_json":{"title":"Comunicaci\u00f3n interna: c\u00f3mo potenciarla en mi empresa - Improven","description":"Cuando la comunicaci\u00f3n fluye de manera continua y clara, llega a todos los miembros. As\u00ed es c\u00f3mo deber\u00eda ser la comunicaci\u00f3n interna.","robots":{"index":"index","follow":"follow","max-snippet":"max-snippet:-1","max-image-preview":"max-image-preview:large","max-video-preview":"max-video-preview:-1"},"canonical":"https:\/\/improven.com\/cat\/cultura-i-talent\/com-potenciar-la-comunicacio-interna-en-la-empresa\/","og_locale":"ca_ES","og_type":"article","og_title":"Comunicaci\u00f3n interna: c\u00f3mo potenciarla en mi empresa - Improven","og_description":"Cuando la comunicaci\u00f3n fluye de manera continua y clara, llega a todos los miembros. As\u00ed es c\u00f3mo deber\u00eda ser la comunicaci\u00f3n interna.","og_url":"https:\/\/improven.com\/cat\/cultura-i-talent\/com-potenciar-la-comunicacio-interna-en-la-empresa\/","og_site_name":"Improven","article_published_time":"2023-12-04T09:30:00+00:00","article_modified_time":"2025-06-16T07:27:34+00:00","og_image":[{"width":1200,"height":522,"url":"https:\/\/improven.com\/wp-content\/uploads\/2023\/12\/PB-imagen-destacada-improven-5.png","type":"image\/png"}],"author":"Improven","twitter_card":"summary_large_image","twitter_misc":{"Escrit per":"Improven","Temps estimat de lectura":"13 minuts"},"schema":{"@context":"https:\/\/schema.org","@graph":[{"@type":"WebPage","@id":"https:\/\/improven.com\/cat\/cultura-i-talent\/com-potenciar-la-comunicacio-interna-en-la-empresa\/","url":"https:\/\/improven.com\/cat\/cultura-i-talent\/com-potenciar-la-comunicacio-interna-en-la-empresa\/","name":"Comunicaci\u00f3n interna: c\u00f3mo potenciarla en mi empresa - Improven","isPartOf":{"@id":"https:\/\/improven.com\/cat\/#website"},"datePublished":"2023-12-04T09:30:00+00:00","dateModified":"2025-06-16T07:27:34+00:00","author":{"@id":"https:\/\/improven.com\/cat\/#\/schema\/person\/c29931e7caaee0ccbfbc357c6f45f751"},"description":"Cuando la comunicaci\u00f3n fluye de manera continua y clara, llega a todos los miembros. As\u00ed es c\u00f3mo deber\u00eda ser la comunicaci\u00f3n interna.","inLanguage":"ca","potentialAction":[{"@type":"ReadAction","target":["https:\/\/improven.com\/cat\/cultura-i-talent\/com-potenciar-la-comunicacio-interna-en-la-empresa\/"]}]},{"@type":"WebSite","@id":"https:\/\/improven.com\/cat\/#website","url":"https:\/\/improven.com\/cat\/","name":"Improven","description":"","potentialAction":[{"@type":"SearchAction","target":{"@type":"EntryPoint","urlTemplate":"https:\/\/improven.com\/cat\/?s={search_term_string}"},"query-input":"required name=search_term_string"}],"inLanguage":"ca"},{"@type":"Person","@id":"https:\/\/improven.com\/cat\/#\/schema\/person\/c29931e7caaee0ccbfbc357c6f45f751","name":"Improven","image":{"@type":"ImageObject","inLanguage":"ca","@id":"https:\/\/improven.com\/cat\/#\/schema\/person\/image\/","url":"https:\/\/secure.gravatar.com\/avatar\/aa181b67f681c09d567cd04bf5b7b036fa751a60232a1bcf1ffbcf27df560489?s=96&d=mm&r=g","contentUrl":"https:\/\/secure.gravatar.com\/avatar\/aa181b67f681c09d567cd04bf5b7b036fa751a60232a1bcf1ffbcf27df560489?s=96&d=mm&r=g","caption":"Improven"},"url":"https:\/\/improven.com\/cat\/author\/improven\/"}]}},"_links":{"self":[{"href":"https:\/\/improven.com\/cat\/wp-json\/wp\/v2\/posts\/7172","targetHints":{"allow":["GET"]}}],"collection":[{"href":"https:\/\/improven.com\/cat\/wp-json\/wp\/v2\/posts"}],"about":[{"href":"https:\/\/improven.com\/cat\/wp-json\/wp\/v2\/types\/post"}],"author":[{"embeddable":true,"href":"https:\/\/improven.com\/cat\/wp-json\/wp\/v2\/users\/17"}],"replies":[{"embeddable":true,"href":"https:\/\/improven.com\/cat\/wp-json\/wp\/v2\/comments?post=7172"}],"version-history":[{"count":0,"href":"https:\/\/improven.com\/cat\/wp-json\/wp\/v2\/posts\/7172\/revisions"}],"wp:featuredmedia":[{"embeddable":true,"href":"https:\/\/improven.com\/cat\/wp-json\/wp\/v2\/media\/12010"}],"wp:attachment":[{"href":"https:\/\/improven.com\/cat\/wp-json\/wp\/v2\/media?parent=7172"}],"wp:term":[{"taxonomy":"category","embeddable":true,"href":"https:\/\/improven.com\/cat\/wp-json\/wp\/v2\/categories?post=7172"},{"taxonomy":"post_tag","embeddable":true,"href":"https:\/\/improven.com\/cat\/wp-json\/wp\/v2\/tags?post=7172"}],"curies":[{"name":"wp","href":"https:\/\/api.w.org\/{rel}","templated":true}]}}