{"id":3512,"date":"2023-01-13T07:23:00","date_gmt":"2023-01-13T07:23:00","guid":{"rendered":"https:\/\/23web26.esedigital-dev.ovh\/?p=3512"},"modified":"2025-06-15T07:07:45","modified_gmt":"2025-06-15T07:07:45","slug":"resultoria-fideliza-talento-empresa-plan-polivalencia","status":"publish","type":"post","link":"https:\/\/improven.com\/cat\/cultura-i-talent\/resultoria-fidelitza-talent-empresa-pla-polivalencia\/","title":{"rendered":"Fidelitza el talent de la teva empresa amb el pla de polival\u00e8ncia"},"content":{"rendered":"<p>Implantar un pla de polival\u00e8ncia en tots els nivells de l'organitzaci\u00f3 constitueix una eina clau a ajudar a retenir el talent en l'empresa i aquesta es converteix en una de les grans preocupacions dels empresaris. Amb aquest article podran aprendre qu\u00e8 els pot aportar un pla de polival\u00e8ncia en termes de retenci\u00f3 de talent i quines s\u00f3n les claus per a implantar-ho en \u00e0rees no productives. Vegm com fidelitzar el talent!<\/p>\n\n\n\n<h2 class=\"wp-block-heading\">Atreure i fidelitzar el talent<\/h2>\n\n\n\n<p>Cada vegada m\u00e9s ens trobem amb CEOs, empresaris i directors d'\u00e0rea preocupats per com atreure i retenir talent dins de les seves organitzacions. M'atreveixo a dir que, <strong>tant les persones com la tecnologia<\/strong>, avui s\u00f3n el tal\u00f3 d'Aquil\u00b7les de moltes organitzacions, sobretot si parlem de petites i mitjanes empreses.<\/p>\n\n\n\n<p>Ja sigui per la seva localitzaci\u00f3, la seva grand\u00e0ria, la seva estructura organitzativa, el seu nivell de professionalitzaci\u00f3 o el tipus de <em>know-how &amp; expertise<\/em> que necessiten pel sector al qual es dirigeixen, <strong>els costa trobar i retenir a professionals<\/strong> amb alt potencial de desenvolupament. Si a tot aix\u00f2 li sumem la conviv\u00e8ncia de <strong>m\u00faltiples generacions<\/strong> dins d'una organitzaci\u00f3, amb ambicions i inquietuds significativament distintes, el tema es complica molt\u00edssim m\u00e9s, perqu\u00e8 totes aquestes han de ser correspostes en una \u00fanica proposta de valor cap a l'empleat.<\/p>\n\n\n\n<h2 class=\"wp-block-heading\">La empresa multigeneracional<\/h2>\n\n\n\n<p>Aquest \u00e9s el gran desafiament al qual s'enfronten les organitzacions, satisfer les diferents necessitats d'un sol equip en el qual conviuen tant la generaci\u00f3 de els <strong>baby boomers<\/strong>, que busquen seguretat laboral, s\u00f3n migrants tecnol\u00f2gics i es comuniquen principalment a trav\u00e9s del tel\u00e8fon, amb la <strong>generaci\u00f3 X<\/strong>, que busca la conciliaci\u00f3 laboral i familiar, o fins i tot amb la <strong>generaci\u00f3 I<\/strong> que el que m\u00e9s valora \u00e9s la flexibilitat i la llibertat, sent natius digitals que es comuniquen a trav\u00e9s de la xarxes socials.<\/p>\n\n\n\n<p>Ara b\u00e9, detectat el problema a nivell conscient per moltes empreses, la qual cosa realment els inquieta \u00e9s la manera de <strong>abordar amb \u00e8xit semblant desafiament<\/strong>. El primer que se sol fer \u00e9s demanar al Director de RH que elabori un pla d'atracci\u00f3 i retenci\u00f3 de talent amb els tan sabuts punts a desenvolupar. Jo vull posar el focus avui en un punt clau de la proposta de valor cap a l'empleat: <strong>el pla de carrera<\/strong>, tan dif\u00edcil de proporcionar petites i mitjanes empreses en les quals es fan necess\u00e0ries solucions m\u00e9s disruptives que ajudin als distints professionals, generacions i perfils amb talent a poder desenvolupar-se dins de la casa.<\/p>\n\n\n\n<h2 class=\"wp-block-heading\">El pla de carrera<\/h2>\n\n\n\n<p>Des d'Improven hem invertit molts recursos a obtenir solucions que poguessin donar resposta a aquesta mena de q\u00fcestions, i en aquest esdevenir ens sorgeixen preguntes com: I si desenvolupem un pla de carrera horitzontal i no vertical? I si sumem a la nostra proposta de valor, el concepte de \u201cocupabilitat\u201d com a part dels beneficis de treballar en aquesta casa? A m\u00e9s de desarrollaro una escola de formaci\u00f3? I aix\u00ed va ser com desenvolupem i implantem un sistema de polival\u00e8ncia global que t'exposem a continuaci\u00f3 pensant que pot ajudar-te a trobar una soluci\u00f3 real i tangible.<\/p>\n\n\n\n<h3 class=\"wp-block-heading\"><strong>1. Les matrius de polival\u00e8ncia en \u00e0rees no productives<\/strong><\/h3>\n\n\n\n<p>La polival\u00e8ncia \u00e9s entesa com la <strong>capacitat o nivell de versatilitat que t\u00e9 una persona de fer un treball o un altre<\/strong>, amb el mateix nivell d'efectivitat. Aquest tipus d'estudi s'aplica generalment en \u00e0rees productives en les quals \u00e9s relativament f\u00e0cil identificar els coneixements t\u00e8cnics que ha de tenir cada persona que ocupi un determinat lloc de treball en una l\u00ednia de producci\u00f3, aix\u00ed com per a ajudar a millorar la productivitat global de l'\u00e0rea. Aix\u00f2 \u00e9s el que es coneix com <strong>matriu de polival\u00e8ncia<\/strong> i el seu objectiu \u00e9s desenvolupar la \u201cmultihabilitat\u201d dels treballadors.<\/p>\n\n\n\n<p>No obstant aix\u00f2, \u00e9s molt dif\u00edcil trobar una <strong>matriu de polival\u00e8ncia<\/strong> en \u00e0rees no productives o \u00e0rees staff com a m\u00e0rqueting, finances, R+D+I, entre altres, i en Improven ens preguntem: Per qu\u00e8 no? Perqu\u00e8, gr\u00e0cies a l'experi\u00e8ncia d'haver-la desenvolupat en l'\u00e0rea d'operacions, i el nostre enteniment global i transversal de l'empresa, considerem que podria funcionar perfectament. I aix\u00ed efectivament va ser: ideem a la casa, desenvolupem la idea, la implementem amb el nostre propi equip, i es crec amb aix\u00f2 el que avui est\u00e0 sent una eina que proporciona molts assoliments per als nostres clients.<\/p>\n\n\n\n<p>Per tant, el primer aprenentatge d'aquest article \u00e9s: <strong>S\u00ed que es poden desenvolupar matrius de polival\u00e8ncia en \u00e0rees no productives!<\/strong> El problema \u00e9s saber que passos donar per a fer-ho de manera correcta i sobretot entendre qu\u00e8 ens aporta.<\/p>\n\n\n\n<h3 class=\"wp-block-heading\"><strong>2. Com ens pot ajudar un estudi de polival\u00e8ncia a retenir al talent de la nostra empresa i millorar la proposta de valor per a l'empleat?<\/strong><\/h3>\n\n\n\n<p>Segurament coneixeu els <strong>programes per a joves talents<\/strong> propis de les grans empreses multinacionals als qui se'ls fa un pla de carrera \u201cespecial\u201d, a trav\u00e9s dels quals se'ls permet con\u00e8ixer totes les \u00e0rees de l'empresa com a part de la seva formaci\u00f3 com a futurs directius, de manera que, quan arribin a liderar la companyia, tinguin una visi\u00f3 global i transversal de l'empresa, hagin pogut desenvolupar multitud d'habilitats i comptin amb un <em>expertise<\/em> en multitud d'\u00e0rees. En aquest sentit hem pensat en aquesta eina per a ajudar a desenvolupar als empleats una visi\u00f3 m\u00e9s global i transversal, la qual cosa nosaltres diem la \u201cmultihabilitat\u201d i el \u201c<em>multiexpertise<\/em>\u201d.<\/p>\n\n\n\n<p>Aix\u00f2 ens permet desenvolupar un <strong>pla de carrera horitzontal i transversal de gran utilitat<\/strong> ,sobretot, en aquelles organitzacions amb estructures petites o molt camuses. Tamb\u00e9 \u00e9s una eina que ens permet definir de manera m\u00e9s eficient les necessitats de formaci\u00f3, optimitzant aquesta partida pressupost\u00e0ria, aix\u00ed com el seu retorn esperat.<\/p>\n\n\n\n<p>El m\u00e9s interessant d'aquesta eina \u00e9s que el benefici es produeix tant per a l'empresa com per als empleats, potenciant la seva versatilitat, la seva \u201cmultihabilitat\u201d i la seva visi\u00f3, podent ocupar d'aquesta manera molts m\u00e9s llocs de treball, afavorint-se aix\u00ed mateix el treball en equip, el desenvolupament d'equips aut\u00f2noms i, com a conseq\u00fc\u00e8ncia, augmentant la seva \u201cocupabilitat\u201d.<\/p>\n\n\n\n<h2 class=\"wp-block-heading\">Per on comencem?<\/h2>\n\n\n\n<p>A continuaci\u00f3 us detallo una s\u00e8rie de passos que us serviran per a anar implantant amb \u00e8xit aquesta eina:<\/p>\n\n\n\n<ul class=\"wp-block-list\">\n<li><strong>Focalitza:<\/strong> La nostra recomanaci\u00f3 \u00e9s que comencis a aplicar-la en una \u00e0rea com a prova pilot, i desenvolupis i afins la metodologia per a despr\u00e9s desplegar-la a la resta de l'organitzaci\u00f3.<\/li>\n\n\n\n<li><strong>Mapeja:<\/strong> Realitza un mapatge de tots els processos de l'\u00e0rea per a identificar quines tasques es realitzen, i associa un lloc a cadascuna.<\/li>\n\n\n\n<li><strong>Assigna:<\/strong> Determina coneixement <em>hard &amp; soft<\/em> per a cada tasca i lloc, i puntua'ls. Despr\u00e9s defineix la teva matriu de polival\u00e8ncia de l'\u00e0rea.<\/li>\n\n\n\n<li><strong>Avalua:<\/strong> Realitza l'avaluaci\u00f3 de la persona en funci\u00f3 del seu lloc i el seu lloc polivalent, i determina el nivell de polival\u00e8ncia d'aquesta \u00e0rea.<\/li>\n\n\n\n<li><strong>Forma &amp; Mesura:<\/strong> En funci\u00f3 dels GAP detectats estableix el teu pla de formaci\u00f3 i posa'l en marxa per a millorar la polival\u00e8ncia del teu equip. Ara tan sols queda mesurar quant ha millorat la polival\u00e8ncia del teu equip!<\/li>\n<\/ul>\n\n\n\n<p>Comen\u00e7a per una \u00e0rea senzilla, on sigui f\u00e0cil identificar els coneixements necessaris i si pot ser una \u00e0rea que aquest acostumada a treballar i mapejar processos molt\u00edssim millor. \u00c9s important desenvolupar una eina que et permeti donar suport a tot aquest proc\u00e9s perqu\u00e8 puguis anar avaluant com varia l'indicador de polival\u00e8ncia. I a partir d'aqu\u00ed, explota tot el potencial que t\u00e9 aquesta eina, ja que en moltes de les empreses que l'hem implantat, reempla\u00e7a a les tradicionals avaluacions per compet\u00e8ncies, en permetre avaluar alhora tant l'adequaci\u00f3 de la persona al lloc com al lloc polivalent. Tamb\u00e9 ha estat desenvolupada en altres casos per a establir plans de carrera transversals i horitzontals a nivell de coordinadors, caps i directors.<\/p>\n\n\n\n<h3 class=\"wp-block-heading\">Construeix una organitzaci\u00f3 s\u00f3lida<\/h3>\n\n\n\n<p>L'atracci\u00f3 i retenci\u00f3 del talent \u00e9s una de les claus necess\u00e0ries per a <strong>construir i desenvolupar una organitzaci\u00f3 s\u00f2lida i excepcional<\/strong>. A nosaltres ens ha collit molts \u00e8xits. El meu desig \u00e9s que contribueixi als teus d'igual manera.<\/p>\n\n\n\n<p>Si vols saber m\u00e9s sobre com millorar els recursos de la teva empresa i com involucrar al teu equip no et perdis aquest v\u00eddeo sobre el nostre servei de <strong>Millora Avan\u00e7ada de l'Organitzaci\u00f3<\/strong>. <a href=\"https:\/\/improven.com\/cat\/contacte\/\" target=\"_blank\" rel=\"noreferrer noopener\">Escriu-nos i t'ajudarem a fer-ho possible!<\/a> Anem a fidelitzar al teu equip per a aconseguir els teus millors resultats, i que no es vulguin anar de la teva empresa!<\/p>\n\n\n\n<div style=\"height:21px\" aria-hidden=\"true\" class=\"wp-block-spacer\"><\/div>\n\n\n\n<figure class=\"wp-block-embed is-type-video is-provider-youtube wp-block-embed-youtube wp-embed-aspect-16-9 wp-has-aspect-ratio\"><div class=\"wp-block-embed__wrapper\">\n<iframe loading=\"lazy\" title=\"Improven - \u00bfC\u00f3mo involucramos al equipo? - Mejora avanzada de la organizaci\u00f3n\" width=\"800\" height=\"450\" src=\"https:\/\/www.youtube.com\/embed\/zhBLkcs4W8Q?feature=oembed\" frameborder=\"0\" allow=\"accelerometer; autoplay; clipboard-write; encrypted-media; gyroscope; picture-in-picture; web-share\" referrerpolicy=\"strict-origin-when-cross-origin\" allowfullscreen><\/iframe>\n<\/div><\/figure>","protected":false},"excerpt":{"rendered":"<p>Implantar un plan de polivalencia en todos los niveles de la organizaci\u00f3n constituye una herramienta clave en ayudar a retener el talento en la empresa y esa se convierte en una de las grandes preocupaciones de los empresarios. Con este art\u00edculo podr\u00e1n aprender qu\u00e9 les puede aportar un plan de polivalencia en t\u00e9rminos de retenci\u00f3n [&hellip;]<\/p>","protected":false},"author":28,"featured_media":7640,"comment_status":"closed","ping_status":"closed","sticky":false,"template":"","format":"standard","meta":{"_acf_changed":false,"footnotes":""},"categories":[131,33],"tags":[],"class_list":["post-3512","post","type-post","status-publish","format-standard","has-post-thumbnail","hentry","category-articulo","category-cultura-y-talento"],"acf":[],"yoast_head":"<!-- This site is optimized with the Yoast SEO plugin v21.2 - https:\/\/yoast.com\/wordpress\/plugins\/seo\/ -->\n<title>Fidelizar el talento de tu empresa con el plan de polivalencia - Improven<\/title>\n<meta name=\"description\" content=\"Silvia Soto hace una reflexi\u00f3n sobre c\u00f3mo implantar un plan de polivalencia en toda tu empresa, herramienta clave para fidelizar el talento\" \/>\n<meta name=\"robots\" content=\"index, follow, max-snippet:-1, max-image-preview:large, max-video-preview:-1\" \/>\n<link rel=\"canonical\" href=\"https:\/\/improven.com\/cat\/cultura-i-talent\/resultoria-fidelitza-talent-empresa-pla-polivalencia\/\" \/>\n<meta property=\"og:locale\" content=\"ca_ES\" \/>\n<meta property=\"og:type\" content=\"article\" \/>\n<meta property=\"og:title\" content=\"Fidelizar el talento de tu empresa con el plan de polivalencia - Improven\" \/>\n<meta property=\"og:description\" content=\"Silvia Soto hace una reflexi\u00f3n sobre c\u00f3mo implantar un plan de polivalencia en toda tu empresa, herramienta clave para fidelizar el talento\" \/>\n<meta property=\"og:url\" content=\"https:\/\/improven.com\/cat\/cultura-i-talent\/resultoria-fidelitza-talent-empresa-pla-polivalencia\/\" \/>\n<meta property=\"og:site_name\" content=\"Improven\" \/>\n<meta property=\"article:published_time\" content=\"2023-01-13T07:23:00+00:00\" \/>\n<meta property=\"article:modified_time\" content=\"2025-06-15T07:07:45+00:00\" \/>\n<meta property=\"og:image\" content=\"https:\/\/improven.com\/wp-content\/uploads\/2023\/01\/PB-imagen-destacada-15.png\" \/>\n\t<meta property=\"og:image:width\" content=\"1200\" \/>\n\t<meta property=\"og:image:height\" content=\"522\" \/>\n\t<meta property=\"og:image:type\" content=\"image\/png\" \/>\n<meta name=\"author\" content=\"Silvia Soto\" \/>\n<meta name=\"twitter:card\" content=\"summary_large_image\" \/>\n<meta name=\"twitter:label1\" content=\"Escrit per\" \/>\n\t<meta name=\"twitter:data1\" content=\"Silvia Soto\" \/>\n\t<meta name=\"twitter:label2\" content=\"Temps estimat de lectura\" \/>\n\t<meta name=\"twitter:data2\" content=\"7 minuts\" \/>\n<script type=\"application\/ld+json\" class=\"yoast-schema-graph\">{\"@context\":\"https:\/\/schema.org\",\"@graph\":[{\"@type\":\"WebPage\",\"@id\":\"https:\/\/improven.com\/cat\/cultura-i-talent\/resultoria-fidelitza-talent-empresa-pla-polivalencia\/\",\"url\":\"https:\/\/improven.com\/cat\/cultura-i-talent\/resultoria-fidelitza-talent-empresa-pla-polivalencia\/\",\"name\":\"Fidelizar el talento de tu empresa con el plan de polivalencia - Improven\",\"isPartOf\":{\"@id\":\"https:\/\/improven.com\/cat\/#website\"},\"datePublished\":\"2023-01-13T07:23:00+00:00\",\"dateModified\":\"2025-06-15T07:07:45+00:00\",\"author\":{\"@id\":\"https:\/\/improven.com\/cat\/#\/schema\/person\/5f454f6c4d2d328706a70359b80d4476\"},\"description\":\"Silvia Soto hace una reflexi\u00f3n sobre c\u00f3mo implantar un plan de polivalencia en toda tu empresa, herramienta clave para fidelizar el talento\",\"inLanguage\":\"ca\",\"potentialAction\":[{\"@type\":\"ReadAction\",\"target\":[\"https:\/\/improven.com\/cat\/cultura-i-talent\/resultoria-fidelitza-talent-empresa-pla-polivalencia\/\"]}]},{\"@type\":\"WebSite\",\"@id\":\"https:\/\/improven.com\/cat\/#website\",\"url\":\"https:\/\/improven.com\/cat\/\",\"name\":\"Improven\",\"description\":\"\",\"potentialAction\":[{\"@type\":\"SearchAction\",\"target\":{\"@type\":\"EntryPoint\",\"urlTemplate\":\"https:\/\/improven.com\/cat\/?s={search_term_string}\"},\"query-input\":\"required name=search_term_string\"}],\"inLanguage\":\"ca\"},{\"@type\":\"Person\",\"@id\":\"https:\/\/improven.com\/cat\/#\/schema\/person\/5f454f6c4d2d328706a70359b80d4476\",\"name\":\"Silvia Soto\",\"image\":{\"@type\":\"ImageObject\",\"inLanguage\":\"ca\",\"@id\":\"https:\/\/improven.com\/cat\/#\/schema\/person\/image\/\",\"url\":\"https:\/\/secure.gravatar.com\/avatar\/0a1ccc6e934f6955ad992724cc3806521efbffae6d644e01cb33b7ab4851b3a9?s=96&d=mm&r=g\",\"contentUrl\":\"https:\/\/secure.gravatar.com\/avatar\/0a1ccc6e934f6955ad992724cc3806521efbffae6d644e01cb33b7ab4851b3a9?s=96&d=mm&r=g\",\"caption\":\"Silvia Soto\"},\"description\":\"Consultora Senior\",\"sameAs\":[\"https:\/\/improven.com\/nosotros\/\"],\"url\":\"https:\/\/improven.com\/cat\/author\/silvia-soto\/\"}]}<\/script>\n<!-- \/ Yoast SEO plugin. -->","yoast_head_json":{"title":"Fidelizar el talento de tu empresa con el plan de polivalencia - Improven","description":"Silvia Soto hace una reflexi\u00f3n sobre c\u00f3mo implantar un plan de polivalencia en toda tu empresa, herramienta clave para fidelizar el talento","robots":{"index":"index","follow":"follow","max-snippet":"max-snippet:-1","max-image-preview":"max-image-preview:large","max-video-preview":"max-video-preview:-1"},"canonical":"https:\/\/improven.com\/cat\/cultura-i-talent\/resultoria-fidelitza-talent-empresa-pla-polivalencia\/","og_locale":"ca_ES","og_type":"article","og_title":"Fidelizar el talento de tu empresa con el plan de polivalencia - Improven","og_description":"Silvia Soto hace una reflexi\u00f3n sobre c\u00f3mo implantar un plan de polivalencia en toda tu empresa, herramienta clave para fidelizar el talento","og_url":"https:\/\/improven.com\/cat\/cultura-i-talent\/resultoria-fidelitza-talent-empresa-pla-polivalencia\/","og_site_name":"Improven","article_published_time":"2023-01-13T07:23:00+00:00","article_modified_time":"2025-06-15T07:07:45+00:00","og_image":[{"width":1200,"height":522,"url":"https:\/\/improven.com\/wp-content\/uploads\/2023\/01\/PB-imagen-destacada-15.png","type":"image\/png"}],"author":"Silvia Soto","twitter_card":"summary_large_image","twitter_misc":{"Escrit per":"Silvia Soto","Temps estimat de lectura":"7 minuts"},"schema":{"@context":"https:\/\/schema.org","@graph":[{"@type":"WebPage","@id":"https:\/\/improven.com\/cat\/cultura-i-talent\/resultoria-fidelitza-talent-empresa-pla-polivalencia\/","url":"https:\/\/improven.com\/cat\/cultura-i-talent\/resultoria-fidelitza-talent-empresa-pla-polivalencia\/","name":"Fidelizar el talento de tu empresa con el plan de polivalencia - Improven","isPartOf":{"@id":"https:\/\/improven.com\/cat\/#website"},"datePublished":"2023-01-13T07:23:00+00:00","dateModified":"2025-06-15T07:07:45+00:00","author":{"@id":"https:\/\/improven.com\/cat\/#\/schema\/person\/5f454f6c4d2d328706a70359b80d4476"},"description":"Silvia Soto hace una reflexi\u00f3n sobre c\u00f3mo implantar un plan de polivalencia en toda tu empresa, herramienta clave para fidelizar el talento","inLanguage":"ca","potentialAction":[{"@type":"ReadAction","target":["https:\/\/improven.com\/cat\/cultura-i-talent\/resultoria-fidelitza-talent-empresa-pla-polivalencia\/"]}]},{"@type":"WebSite","@id":"https:\/\/improven.com\/cat\/#website","url":"https:\/\/improven.com\/cat\/","name":"Improven","description":"","potentialAction":[{"@type":"SearchAction","target":{"@type":"EntryPoint","urlTemplate":"https:\/\/improven.com\/cat\/?s={search_term_string}"},"query-input":"required name=search_term_string"}],"inLanguage":"ca"},{"@type":"Person","@id":"https:\/\/improven.com\/cat\/#\/schema\/person\/5f454f6c4d2d328706a70359b80d4476","name":"Silvia Soto","image":{"@type":"ImageObject","inLanguage":"ca","@id":"https:\/\/improven.com\/cat\/#\/schema\/person\/image\/","url":"https:\/\/secure.gravatar.com\/avatar\/0a1ccc6e934f6955ad992724cc3806521efbffae6d644e01cb33b7ab4851b3a9?s=96&d=mm&r=g","contentUrl":"https:\/\/secure.gravatar.com\/avatar\/0a1ccc6e934f6955ad992724cc3806521efbffae6d644e01cb33b7ab4851b3a9?s=96&d=mm&r=g","caption":"Silvia Soto"},"description":"Consultora Senior","sameAs":["https:\/\/improven.com\/nosotros\/"],"url":"https:\/\/improven.com\/cat\/author\/silvia-soto\/"}]}},"_links":{"self":[{"href":"https:\/\/improven.com\/cat\/wp-json\/wp\/v2\/posts\/3512","targetHints":{"allow":["GET"]}}],"collection":[{"href":"https:\/\/improven.com\/cat\/wp-json\/wp\/v2\/posts"}],"about":[{"href":"https:\/\/improven.com\/cat\/wp-json\/wp\/v2\/types\/post"}],"author":[{"embeddable":true,"href":"https:\/\/improven.com\/cat\/wp-json\/wp\/v2\/users\/28"}],"replies":[{"embeddable":true,"href":"https:\/\/improven.com\/cat\/wp-json\/wp\/v2\/comments?post=3512"}],"version-history":[{"count":0,"href":"https:\/\/improven.com\/cat\/wp-json\/wp\/v2\/posts\/3512\/revisions"}],"wp:featuredmedia":[{"embeddable":true,"href":"https:\/\/improven.com\/cat\/wp-json\/wp\/v2\/media\/7640"}],"wp:attachment":[{"href":"https:\/\/improven.com\/cat\/wp-json\/wp\/v2\/media?parent=3512"}],"wp:term":[{"taxonomy":"category","embeddable":true,"href":"https:\/\/improven.com\/cat\/wp-json\/wp\/v2\/categories?post=3512"},{"taxonomy":"post_tag","embeddable":true,"href":"https:\/\/improven.com\/cat\/wp-json\/wp\/v2\/tags?post=3512"}],"curies":[{"name":"wp","href":"https:\/\/api.w.org\/{rel}","templated":true}]}}