{"id":18274,"date":"2026-03-26T14:47:11","date_gmt":"2026-03-26T14:47:11","guid":{"rendered":"https:\/\/improven.com\/?p=18274"},"modified":"2026-03-26T14:47:14","modified_gmt":"2026-03-26T14:47:14","slug":"caso-de-exito-como-un-modelo-agil-de-lanzamiento-de-producto-transformo-una-compania-cosmetica","status":"publish","type":"post","link":"https:\/\/improven.com\/cat\/tipo-de-contenido\/articulo\/caso-de-exito-como-un-modelo-agil-de-lanzamiento-de-producto-transformo-una-compania-cosmetica\/","title":{"rendered":"Caso de \u00e9xito: c\u00f3mo un modelo \u00e1gil de lanzamiento de producto transform\u00f3 una compa\u00f1\u00eda cosm\u00e9tica"},"content":{"rendered":"<p>En un entorno donde la&nbsp;<strong>velocidad y la adaptaci\u00f3n al mercado<\/strong>&nbsp;son claves para competir, muchas compa\u00f1\u00edas industriales se enfrentan al desaf\u00edo de lanzar productos de forma m\u00e1s \u00e1gil y eficiente. Este es el caso de una empresa espa\u00f1ola del sector cosm\u00e9tico que, con m\u00e1s de 900 empleados y una facturaci\u00f3n de m\u00e1s de 300 millones de euros, decidi\u00f3 apostar por&nbsp;Improven&nbsp;para transformar su forma de trabajar, implantando un&nbsp;<strong>modelo \u00e1gil de lanzamiento de producto<\/strong>&nbsp;que le permitiera reducir tiempos, mejorar la coordinaci\u00f3n entre equipos y adaptarse con rapidez a las demandas del mercado.&nbsp;<\/p>\n\n\n\n<div style=\"height:21px\" aria-hidden=\"true\" class=\"wp-block-spacer\"><\/div>\n\n\n\n<p class=\"has-text-align-center has-text-color has-background has-link-color wp-elements-1e7a530dd443e40b3119641c42242009\" style=\"color:#0f4c81;background-color:#e0f2fb\"><strong>QUE ACONSEGUIM?<\/strong><\/p>\n\n\n\n<div style=\"height:25px\" aria-hidden=\"true\" class=\"wp-block-spacer\"><\/div>\n\n\n\n<div class=\"wp-block-columns is-layout-flex wp-container-core-columns-is-layout-9d6595d7 wp-block-columns-is-layout-flex\">\n<div class=\"wp-block-column is-layout-flow wp-block-column-is-layout-flow\">\n<p class=\"has-text-align-center has-text-color has-link-color wp-elements-2de73f147c937ebfa3b690e22d6f7d6e\" style=\"color:#0f4c81\"><strong><strong>Reducci\u00f3n del 50% de los cuellos de botella<\/strong><\/strong><\/p>\n<\/div>\n\n\n\n<div class=\"wp-block-column is-layout-flow wp-block-column-is-layout-flow\">\n<p class=\"has-text-align-center has-text-color has-link-color wp-elements-7e9761b93de87d8c42f5242416e9ad80\" style=\"color:#0f4c81\"><strong><strong>100% de cumplimiento en fechas y costes<\/strong><\/strong><\/p>\n<\/div>\n\n\n\n<div class=\"wp-block-column is-layout-flow wp-block-column-is-layout-flow\">\n<p class=\"has-text-align-center has-text-color has-link-color wp-elements-120e0091aed054261ccdb51af7b308c5\" style=\"color:#0f4c81\"><strong><strong>Visibilidad total de riesgos y bloqueos, facilitando una mejor toma de decisiones<\/strong><\/strong><\/p>\n<\/div>\n\n\n\n<div class=\"wp-block-column is-layout-flow wp-block-column-is-layout-flow\">\n<p class=\"has-text-align-center has-text-color has-link-color wp-elements-48bae4cefd6349061664bf2f7aa310f8\" style=\"color:#0f4c81\"><strong><strong>Mayor coordinaci\u00f3n entre \u00e1reas clave del negocio<\/strong><\/strong><\/p>\n<\/div>\n\n\n\n<div class=\"wp-block-column is-layout-flow wp-block-column-is-layout-flow\">\n<p class=\"has-text-align-center has-text-color has-link-color wp-elements-1d81bd77703e8b00a87fcf37661a4227\" style=\"color:#0f4c81\"><strong><strong>Implantaci\u00f3n de herramientas \u00e1giles y digitales (Jira y&nbsp;Power&nbsp;BI)<\/strong><\/strong><\/p>\n<\/div>\n<\/div>\n\n\n\n<div style=\"height:23px\" aria-hidden=\"true\" class=\"wp-block-spacer\"><\/div>\n\n\n\n<p>Descobreix el pas a pas darrere d'aquests assoliments.<\/p>\n\n\n\n<h2 class=\"wp-block-heading\"><strong><strong>Diagn\u00f3stico: punto de partida y retos del cliente<\/strong>&nbsp;<\/strong><\/h2>\n\n\n\n<p>La compa\u00f1\u00eda, especializada en la formulaci\u00f3n y producci\u00f3n de productos cosm\u00e9ticos tanto para marcas propias como para terceros (<em>retail<\/em>, cadenas especializadas, grandes superficies\u2026), necesitaba mejorar su modelo de trabajo para responder con mayor agilidad a las demandas del mercado.&nbsp;<\/p>\n\n\n\n<p>Los principales retos identificados fueron:&nbsp;<\/p>\n\n\n\n<ul class=\"wp-block-list\">\n<li><strong>Procesos lentos y poco adaptables<\/strong>, con falta de estandarizaci\u00f3n y excesiva dependencia de coordinaci\u00f3n informal.&nbsp;<\/li>\n<\/ul>\n\n\n\n<ul class=\"wp-block-list\">\n<li><strong>Desalineaci\u00f3n entre departamentos<\/strong>&nbsp;clave implicados en el lanzamiento de nuevos productos.&nbsp;<\/li>\n<\/ul>\n\n\n\n<ul class=\"wp-block-list\">\n<li><strong>Ausencia de visibilidad global&nbsp;<\/strong>que impidiera anticipar bloqueos o gestionar desviaciones a tiempo.&nbsp;<\/li>\n<\/ul>\n\n\n\n<ul class=\"wp-block-list\">\n<li>Falta de&nbsp;<strong>herramientas digitales integradas<\/strong>&nbsp;para el seguimiento del estado de los lanzamientos.&nbsp;<\/li>\n<\/ul>\n\n\n\n<ul class=\"wp-block-list\">\n<li><strong>Dificultad para cumplir plazos y costes<\/strong>&nbsp;establecidos con&nbsp;sus&nbsp;clientes.&nbsp;<\/li>\n<\/ul>\n\n\n\n<p>El modelo tradicional limitaba la competitividad de la empresa en un entorno donde la&nbsp;<strong>rapidez en el&nbsp;<\/strong><strong>time-to-market&nbsp;<\/strong><strong>es clave<\/strong>.&nbsp;<\/p>\n\n\n\n<h2 class=\"wp-block-heading\"><strong><strong>Implementaci\u00f3n de un modelo \u00e1gil de lanzamiento de producto: as\u00ed lo hicimos<\/strong>&nbsp;<\/strong><\/h2>\n\n\n\n<p>Desde&nbsp;Improven, impulsamos un proyecto integral de transformaci\u00f3n que tuvo una duraci\u00f3n de 12 meses y se centr\u00f3 en la implementaci\u00f3n de un&nbsp;<strong>modelo \u00e1gil de lanzamiento de producto<\/strong>, combinando estructura organizativa, procesos y tecnolog\u00eda.&nbsp;<\/p>\n\n\n\n<h3 class=\"wp-block-heading\"><strong>1. Equipos multidisciplinares: m\u00e1s coordinaci\u00f3n, m\u00e1s velocidad<\/strong>&nbsp;<\/h3>\n\n\n\n<p>Se identificaron y configuraron&nbsp;<strong>equipos&nbsp;cross-funcionales<\/strong>&nbsp;compuestos por personas de distintas \u00e1reas (I+D,&nbsp;Regulatory, Dise\u00f1o, Marketing,&nbsp;Supply&nbsp;Chain, etc.), lo que permiti\u00f3 romper silos y mejorar la eficiencia en la toma de decisiones.&nbsp;<\/p>\n\n\n\n<p>Estos equipos contaron con mayor autonom\u00eda para gestionar las iniciativas y una visi\u00f3n compartida de los objetivos.&nbsp;<\/p>\n\n\n\n<h3 class=\"wp-block-heading\"><strong>2. Mapeo de flujos de valor y definici\u00f3n de pol\u00edticas de trabajo<\/strong>&nbsp;<\/h3>\n\n\n\n<p>Se realiz\u00f3 un an\u00e1lisis completo de los&nbsp;<strong>flujos de valor del proceso de lanzamiento<\/strong>, lo que permiti\u00f3:&nbsp;<\/p>\n\n\n\n<ul class=\"wp-block-list\">\n<li>Identificar tareas innecesarias o duplicadas.&nbsp;<\/li>\n<\/ul>\n\n\n\n<ul class=\"wp-block-list\">\n<li>Visualizar puntos cr\u00edticos y cuellos de botella.&nbsp;<\/li>\n<\/ul>\n\n\n\n<ul class=\"wp-block-list\">\n<li>Establecer criterios de priorizaci\u00f3n y tiempos est\u00e1ndar.&nbsp;<\/li>\n<\/ul>\n\n\n\n<p>A partir de este an\u00e1lisis, se definieron&nbsp;<strong>pol\u00edticas claras<\/strong>&nbsp;que guiaran el trabajo diario de los equipos, con roles, responsabilidades y procesos bien establecidos.&nbsp;<\/p>\n\n\n\n<h3 class=\"wp-block-heading\"><strong>3. Implantaci\u00f3n de eventos \u00e1giles de coordinaci\u00f3n<\/strong>&nbsp;<\/h3>\n\n\n\n<p>Se introdujeron&nbsp;<strong>rituales \u00e1giles<\/strong>&nbsp;(dailys,&nbsp;plannings, retrospectivas, revisiones de avance) que permitieron tener un seguimiento continuo y una mejora iterativa del trabajo en curso.&nbsp;<\/p>\n\n\n\n<p>Estos eventos favorecieron una&nbsp;<strong>mayor visibilidad<\/strong>, fomentaron la colaboraci\u00f3n activa y ayudaron a anticiparse a posibles bloqueos.&nbsp;<\/p>\n\n\n\n<h3 class=\"wp-block-heading\"><strong>4.&nbsp;OKRs&nbsp;y&nbsp;KPIs: foco en resultados y alineaci\u00f3n estrat\u00e9gica<\/strong>&nbsp;<\/h3>\n\n\n\n<p>Definimos&nbsp;<strong>OKRs<\/strong>&nbsp;que conectaban los objetivos del proyecto con la estrategia del negocio, y establecimos&nbsp;<strong>indicadors clau (KPIs)<\/strong>&nbsp;para medir:&nbsp;<\/p>\n\n\n\n<ul class=\"wp-block-list\">\n<li>Reducci\u00f3n de tiempos y retrasos.&nbsp;<\/li>\n<\/ul>\n\n\n\n<ul class=\"wp-block-list\">\n<li>Nivel de cumplimiento de hitos.&nbsp;<\/li>\n<\/ul>\n\n\n\n<ul class=\"wp-block-list\">\n<li>Eficiencia y coordinaci\u00f3n de los equipos.&nbsp;<\/li>\n<\/ul>\n\n\n\n<p>Esto permiti\u00f3 hacer un seguimiento real del impacto de la transformaci\u00f3n y ajustar el modelo continuamente.&nbsp;<\/p>\n\n\n\n<h3 class=\"wp-block-heading\"><strong>5. Digitalizaci\u00f3n del modelo con Jira y&nbsp;Power&nbsp;BI<\/strong>&nbsp;<\/h3>\n\n\n\n<p>Uno de los pilares de la transformaci\u00f3n fue la integraci\u00f3n de herramientas digitales:&nbsp;<\/p>\n\n\n\n<ul class=\"wp-block-list\">\n<li><strong>Jira<\/strong>, para gestionar tareas, incidencias y&nbsp;workflows&nbsp;del modelo \u00e1gil.&nbsp;<\/li>\n<\/ul>\n\n\n\n<ul class=\"wp-block-list\">\n<li><strong>Power&nbsp;BI<\/strong>, para generar&nbsp;dashboards&nbsp;en tiempo real con m\u00e9tricas clave.&nbsp;<\/li>\n<\/ul>\n\n\n\n<p>La digitalizaci\u00f3n permiti\u00f3&nbsp;<strong>tomar decisiones basadas en datos<\/strong>, reducir la incertidumbre y gestionar los proyectos con una visi\u00f3n integral.&nbsp;<\/p>\n\n\n\n<p><strong>6. Operativizaci\u00f3n: llevar el modelo a la pr\u00e1ctica diaria<\/strong>&nbsp;<\/p>\n\n\n\n<p>Acompa\u00f1amos a la compa\u00f1\u00eda en la&nbsp;<strong>implantaci\u00f3n del modelo<\/strong>&nbsp;con formaci\u00f3n espec\u00edfica, din\u00e1micas de trabajo y sesiones de mejora continua. Este enfoque garantiz\u00f3 que el nuevo sistema no fuera solo un dise\u00f1o en papel, sino un&nbsp;<strong>modelo operativo vivo<\/strong>, adaptado a la realidad de la empresa.&nbsp;<\/p>\n\n\n\n<h2 class=\"wp-block-heading\"><strong>Resultados: impacto en el negocio<\/strong>&nbsp;<\/h2>\n\n\n\n<p>La transformaci\u00f3n del modelo de lanzamiento de producto gener\u00f3 resultados medibles y tangibles tanto a nivel operativo como&nbsp;estrat\u00e9gico:&nbsp;<\/p>\n\n\n\n<ul class=\"wp-block-list\">\n<li><strong>Reducci\u00f3n del 50% en los tiempos muertos y cuellos de botella<\/strong>&nbsp;en el proceso&nbsp;de lanzamiento.&nbsp;<\/li>\n<\/ul>\n\n\n\n<ul class=\"wp-block-list\">\n<li><strong>Cumplimiento del 100% de los plazos y presupuestos<\/strong>&nbsp;pactados con el cliente final.&nbsp;<\/li>\n<\/ul>\n\n\n\n<ul class=\"wp-block-list\">\n<li>Mejora dr\u00e1stica en la&nbsp;<strong>coordinaci\u00f3n y colaboraci\u00f3n entre equipos<\/strong>&nbsp;multidisciplinares.&nbsp;<\/li>\n<\/ul>\n\n\n\n<ul class=\"wp-block-list\">\n<li>Mayor visibilidad y trazabilidad del estado de los proyectos en tiempo real.&nbsp;<\/li>\n<\/ul>\n\n\n\n<ul class=\"wp-block-list\">\n<li>Incremento en la capacidad de adaptaci\u00f3n ante cambios de mercado o del cliente.&nbsp;<\/li>\n<\/ul>\n\n\n\n<ul class=\"wp-block-list\">\n<li>Mejor comunicaci\u00f3n interna y toma de decisiones m\u00e1s r\u00e1pidas y eficientes.&nbsp;<\/li>\n<\/ul>\n\n\n\n<p>Este nuevo modelo no solo&nbsp;<strong>mejor\u00f3 la eficiencia y la productividad<\/strong>, sino que gener\u00f3 una evoluci\u00f3n cultural hacia la agilidad y la colaboraci\u00f3n.<\/p>\n\n\n\n<h2 class=\"wp-block-heading\"><strong>Conclusi\u00f3<\/strong><\/h2>\n\n\n\n<p>Este caso demuestra c\u00f3mo una empresa del sector cosm\u00e9tico logr\u00f3 revolucionar su modelo de negocio a trav\u00e9s de la&nbsp;<strong>implementaci\u00f3n de un modelo \u00e1gil de lanzamiento de producto<\/strong>. Gracias a la combinaci\u00f3n de equipos multidisciplinares, digitalizaci\u00f3n y metodolog\u00eda \u00e1gil, la organizaci\u00f3n pudo&nbsp;<strong>reducir tiempos, mejorar la calidad y aumentar su competitividad<\/strong>&nbsp;en el mercado.&nbsp;<\/p>\n\n\n\n<p><strong>\u00bfT\u00fa tambi\u00e9n necesitas lanzar productos m\u00e1s r\u00e1pido, con mayor calidad y mejor coordinaci\u00f3n interna?<\/strong> <strong>Si vols saber com,<a href=\"https:\/\/improven.com\/cat\/contacte\/\" target=\"_blank\" rel=\"noreferrer noopener\">ens asseiem i parlem<\/a>! Ens encantar\u00e0 escoltar les teves necessitats i veure com et podem ajudar.<\/strong><\/p>","protected":false},"excerpt":{"rendered":"<p>En un entorno donde la&nbsp;velocidad y la adaptaci\u00f3n al mercado&nbsp;son claves para competir, muchas compa\u00f1\u00edas industriales se enfrentan al desaf\u00edo de lanzar productos de forma m\u00e1s \u00e1gil y eficiente. Este es el caso de una empresa espa\u00f1ola del sector cosm\u00e9tico que, con m\u00e1s de 900 empleados y una facturaci\u00f3n de m\u00e1s de 300 millones de [&hellip;]<\/p>","protected":false},"author":42,"featured_media":18278,"comment_status":"closed","ping_status":"closed","sticky":false,"template":"","format":"standard","meta":{"_acf_changed":false,"footnotes":""},"categories":[137,131,20],"tags":[],"class_list":["post-18274","post","type-post","status-publish","format-standard","has-post-thumbnail","hentry","category-agile","category-articulo","category-quimico"],"acf":[],"yoast_head":"<!-- This site is optimized with the Yoast SEO plugin v21.2 - https:\/\/yoast.com\/wordpress\/plugins\/seo\/ -->\n<title>Cuando el modelo \u00e1gil de lanzamiento de producto transforma Improven<\/title>\n<meta name=\"description\" content=\"Conoce c\u00f3mo un modelo \u00e1gil de lanzamiento de producto permiti\u00f3 reducir un 50% los cuellos de botella y mejorar la coordinaci\u00f3n.\" \/>\n<meta name=\"robots\" content=\"index, follow, max-snippet:-1, max-image-preview:large, max-video-preview:-1\" \/>\n<link rel=\"canonical\" href=\"https:\/\/improven.com\/cat\/tipo-de-contenido\/articulo\/caso-de-exito-como-un-modelo-agil-de-lanzamiento-de-producto-transformo-una-compania-cosmetica\/\" \/>\n<meta property=\"og:locale\" content=\"ca_ES\" \/>\n<meta property=\"og:type\" content=\"article\" \/>\n<meta property=\"og:title\" content=\"Cuando el modelo \u00e1gil de lanzamiento de producto transforma Improven\" \/>\n<meta property=\"og:description\" content=\"Conoce c\u00f3mo un modelo \u00e1gil de lanzamiento de producto permiti\u00f3 reducir un 50% los cuellos de botella y mejorar la coordinaci\u00f3n.\" \/>\n<meta property=\"og:url\" content=\"https:\/\/improven.com\/cat\/tipo-de-contenido\/articulo\/caso-de-exito-como-un-modelo-agil-de-lanzamiento-de-producto-transformo-una-compania-cosmetica\/\" \/>\n<meta property=\"og:site_name\" content=\"Improven\" \/>\n<meta property=\"article:published_time\" content=\"2026-03-26T14:47:11+00:00\" \/>\n<meta property=\"article:modified_time\" content=\"2026-03-26T14:47:14+00:00\" \/>\n<meta property=\"og:image\" content=\"https:\/\/improven.com\/wp-content\/uploads\/2026\/03\/modelo-agil-de-lanzamiento-de-producto.jpg\" \/>\n\t<meta property=\"og:image:width\" content=\"1200\" \/>\n\t<meta property=\"og:image:height\" content=\"522\" \/>\n\t<meta property=\"og:image:type\" content=\"image\/jpeg\" \/>\n<meta name=\"author\" content=\"Georgina Gilabert\" \/>\n<meta name=\"twitter:card\" content=\"summary_large_image\" \/>\n<meta name=\"twitter:label1\" content=\"Escrit per\" \/>\n\t<meta name=\"twitter:data1\" content=\"Georgina Gilabert\" \/>\n\t<meta name=\"twitter:label2\" content=\"Temps estimat de lectura\" \/>\n\t<meta name=\"twitter:data2\" content=\"5 minuts\" \/>\n<script type=\"application\/ld+json\" class=\"yoast-schema-graph\">{\"@context\":\"https:\/\/schema.org\",\"@graph\":[{\"@type\":\"WebPage\",\"@id\":\"https:\/\/improven.com\/cat\/tipo-de-contenido\/articulo\/caso-de-exito-como-un-modelo-agil-de-lanzamiento-de-producto-transformo-una-compania-cosmetica\/\",\"url\":\"https:\/\/improven.com\/cat\/tipo-de-contenido\/articulo\/caso-de-exito-como-un-modelo-agil-de-lanzamiento-de-producto-transformo-una-compania-cosmetica\/\",\"name\":\"Cuando el modelo \u00e1gil de lanzamiento de producto transforma Improven\",\"isPartOf\":{\"@id\":\"https:\/\/improven.com\/cat\/#website\"},\"datePublished\":\"2026-03-26T14:47:11+00:00\",\"dateModified\":\"2026-03-26T14:47:14+00:00\",\"author\":{\"@id\":\"https:\/\/improven.com\/cat\/#\/schema\/person\/33eee5d30654f3e6507d8514f5b7e21b\"},\"description\":\"Conoce c\u00f3mo un modelo \u00e1gil de lanzamiento de producto permiti\u00f3 reducir un 50% los cuellos de botella y mejorar la coordinaci\u00f3n.\",\"inLanguage\":\"ca\",\"potentialAction\":[{\"@type\":\"ReadAction\",\"target\":[\"https:\/\/improven.com\/cat\/tipo-de-contenido\/articulo\/caso-de-exito-como-un-modelo-agil-de-lanzamiento-de-producto-transformo-una-compania-cosmetica\/\"]}]},{\"@type\":\"WebSite\",\"@id\":\"https:\/\/improven.com\/cat\/#website\",\"url\":\"https:\/\/improven.com\/cat\/\",\"name\":\"Improven\",\"description\":\"\",\"potentialAction\":[{\"@type\":\"SearchAction\",\"target\":{\"@type\":\"EntryPoint\",\"urlTemplate\":\"https:\/\/improven.com\/cat\/?s={search_term_string}\"},\"query-input\":\"required name=search_term_string\"}],\"inLanguage\":\"ca\"},{\"@type\":\"Person\",\"@id\":\"https:\/\/improven.com\/cat\/#\/schema\/person\/33eee5d30654f3e6507d8514f5b7e21b\",\"name\":\"Georgina Gilabert\",\"image\":{\"@type\":\"ImageObject\",\"inLanguage\":\"ca\",\"@id\":\"https:\/\/improven.com\/cat\/#\/schema\/person\/image\/\",\"url\":\"https:\/\/secure.gravatar.com\/avatar\/9019463c4c6d047f739a67cb15fa0a1f0858a6eafcecfb17193326b52b632192?s=96&d=mm&r=g\",\"contentUrl\":\"https:\/\/secure.gravatar.com\/avatar\/9019463c4c6d047f739a67cb15fa0a1f0858a6eafcecfb17193326b52b632192?s=96&d=mm&r=g\",\"caption\":\"Georgina Gilabert\"},\"url\":\"https:\/\/improven.com\/cat\/author\/georgina\/\"}]}<\/script>\n<!-- \/ Yoast SEO plugin. -->","yoast_head_json":{"title":"Cuando el modelo \u00e1gil de lanzamiento de producto transforma Improven","description":"Conoce c\u00f3mo un modelo \u00e1gil de lanzamiento de producto permiti\u00f3 reducir un 50% los cuellos de botella y mejorar la coordinaci\u00f3n.","robots":{"index":"index","follow":"follow","max-snippet":"max-snippet:-1","max-image-preview":"max-image-preview:large","max-video-preview":"max-video-preview:-1"},"canonical":"https:\/\/improven.com\/cat\/tipo-de-contenido\/articulo\/caso-de-exito-como-un-modelo-agil-de-lanzamiento-de-producto-transformo-una-compania-cosmetica\/","og_locale":"ca_ES","og_type":"article","og_title":"Cuando el modelo \u00e1gil de lanzamiento de producto transforma Improven","og_description":"Conoce c\u00f3mo un modelo \u00e1gil de lanzamiento de producto permiti\u00f3 reducir un 50% los cuellos de botella y mejorar la coordinaci\u00f3n.","og_url":"https:\/\/improven.com\/cat\/tipo-de-contenido\/articulo\/caso-de-exito-como-un-modelo-agil-de-lanzamiento-de-producto-transformo-una-compania-cosmetica\/","og_site_name":"Improven","article_published_time":"2026-03-26T14:47:11+00:00","article_modified_time":"2026-03-26T14:47:14+00:00","og_image":[{"width":1200,"height":522,"url":"https:\/\/improven.com\/wp-content\/uploads\/2026\/03\/modelo-agil-de-lanzamiento-de-producto.jpg","type":"image\/jpeg"}],"author":"Georgina Gilabert","twitter_card":"summary_large_image","twitter_misc":{"Escrit per":"Georgina Gilabert","Temps estimat de lectura":"5 minuts"},"schema":{"@context":"https:\/\/schema.org","@graph":[{"@type":"WebPage","@id":"https:\/\/improven.com\/cat\/tipo-de-contenido\/articulo\/caso-de-exito-como-un-modelo-agil-de-lanzamiento-de-producto-transformo-una-compania-cosmetica\/","url":"https:\/\/improven.com\/cat\/tipo-de-contenido\/articulo\/caso-de-exito-como-un-modelo-agil-de-lanzamiento-de-producto-transformo-una-compania-cosmetica\/","name":"Cuando el modelo \u00e1gil de lanzamiento de producto transforma Improven","isPartOf":{"@id":"https:\/\/improven.com\/cat\/#website"},"datePublished":"2026-03-26T14:47:11+00:00","dateModified":"2026-03-26T14:47:14+00:00","author":{"@id":"https:\/\/improven.com\/cat\/#\/schema\/person\/33eee5d30654f3e6507d8514f5b7e21b"},"description":"Conoce c\u00f3mo un modelo \u00e1gil de lanzamiento de producto permiti\u00f3 reducir un 50% los cuellos de botella y mejorar la coordinaci\u00f3n.","inLanguage":"ca","potentialAction":[{"@type":"ReadAction","target":["https:\/\/improven.com\/cat\/tipo-de-contenido\/articulo\/caso-de-exito-como-un-modelo-agil-de-lanzamiento-de-producto-transformo-una-compania-cosmetica\/"]}]},{"@type":"WebSite","@id":"https:\/\/improven.com\/cat\/#website","url":"https:\/\/improven.com\/cat\/","name":"Improven","description":"","potentialAction":[{"@type":"SearchAction","target":{"@type":"EntryPoint","urlTemplate":"https:\/\/improven.com\/cat\/?s={search_term_string}"},"query-input":"required name=search_term_string"}],"inLanguage":"ca"},{"@type":"Person","@id":"https:\/\/improven.com\/cat\/#\/schema\/person\/33eee5d30654f3e6507d8514f5b7e21b","name":"Georgina Gilabert","image":{"@type":"ImageObject","inLanguage":"ca","@id":"https:\/\/improven.com\/cat\/#\/schema\/person\/image\/","url":"https:\/\/secure.gravatar.com\/avatar\/9019463c4c6d047f739a67cb15fa0a1f0858a6eafcecfb17193326b52b632192?s=96&d=mm&r=g","contentUrl":"https:\/\/secure.gravatar.com\/avatar\/9019463c4c6d047f739a67cb15fa0a1f0858a6eafcecfb17193326b52b632192?s=96&d=mm&r=g","caption":"Georgina Gilabert"},"url":"https:\/\/improven.com\/cat\/author\/georgina\/"}]}},"_links":{"self":[{"href":"https:\/\/improven.com\/cat\/wp-json\/wp\/v2\/posts\/18274","targetHints":{"allow":["GET"]}}],"collection":[{"href":"https:\/\/improven.com\/cat\/wp-json\/wp\/v2\/posts"}],"about":[{"href":"https:\/\/improven.com\/cat\/wp-json\/wp\/v2\/types\/post"}],"author":[{"embeddable":true,"href":"https:\/\/improven.com\/cat\/wp-json\/wp\/v2\/users\/42"}],"replies":[{"embeddable":true,"href":"https:\/\/improven.com\/cat\/wp-json\/wp\/v2\/comments?post=18274"}],"version-history":[{"count":2,"href":"https:\/\/improven.com\/cat\/wp-json\/wp\/v2\/posts\/18274\/revisions"}],"predecessor-version":[{"id":18279,"href":"https:\/\/improven.com\/cat\/wp-json\/wp\/v2\/posts\/18274\/revisions\/18279"}],"wp:featuredmedia":[{"embeddable":true,"href":"https:\/\/improven.com\/cat\/wp-json\/wp\/v2\/media\/18278"}],"wp:attachment":[{"href":"https:\/\/improven.com\/cat\/wp-json\/wp\/v2\/media?parent=18274"}],"wp:term":[{"taxonomy":"category","embeddable":true,"href":"https:\/\/improven.com\/cat\/wp-json\/wp\/v2\/categories?post=18274"},{"taxonomy":"post_tag","embeddable":true,"href":"https:\/\/improven.com\/cat\/wp-json\/wp\/v2\/tags?post=18274"}],"curies":[{"name":"wp","href":"https:\/\/api.w.org\/{rel}","templated":true}]}}