{"id":15267,"date":"2025-06-12T06:27:56","date_gmt":"2025-06-12T06:27:56","guid":{"rendered":"https:\/\/improven.com\/?p=15267"},"modified":"2025-06-18T09:33:32","modified_gmt":"2025-06-18T09:33:32","slug":"diversidad-generacional-en-tu-empresa-familiar","status":"publish","type":"post","link":"https:\/\/improven.com\/cat\/actualitat\/diversitat-generacional-en-la-teva-empresa-familiar\/","title":{"rendered":"No voler creure en la diversitat generacional: un autosabotatge silenci\u00f3s en l'empresa familiar\u00a0"},"content":{"rendered":"<p>La <strong>diversitat generacional en l'empresa familiar<\/strong> pot ser una de les seves majors fortaleses\u2026 o una font de tensions constants si no es gestiona amb intel\u00b7lig\u00e8ncia i empatia. Sovint, el tercer gran autosabotatge en els processos de successi\u00f3 i continu\u00eftat \u00e9s <strong>negar la diversitat generacional o no voler veure-la<\/strong>. I aquest rebuig pot frenar el creixement, danyar les relacions familiars i posar en risc el llegat empresarial.&nbsp;<\/p>\n\n\n\n<figure class=\"wp-block-embed is-type-video is-provider-youtube wp-block-embed-youtube wp-embed-aspect-16-9 wp-has-aspect-ratio\"><div class=\"wp-block-embed__wrapper\">\n<iframe loading=\"lazy\" title=\"3. La importancia de las generaciones en una sucesi\u00f3n |#empresafamiliar\" width=\"800\" height=\"450\" src=\"https:\/\/www.youtube.com\/embed\/pPJKnA1t9gE?feature=oembed\" frameborder=\"0\" allow=\"accelerometer; autoplay; clipboard-write; encrypted-media; gyroscope; picture-in-picture; web-share\" referrerpolicy=\"strict-origin-when-cross-origin\" allowfullscreen><\/iframe>\n<\/div><\/figure>\n\n\n\n<p>En aquest article explorem com abordar aquest repte de manera constructiva i convertir la difer\u00e8ncia generacional en un avantatge competitiu per al futur de l'empresa familiar.&nbsp;<\/p>\n\n\n\n<h2 class=\"wp-block-heading\">Per qu\u00e8 \u00e9s tan important acceptar la diversitat generacional&nbsp;<\/h2>\n\n\n\n<p>Quan diverses generacions conviuen a l'entorn de l'empresa familiar, inevitablement sorgiran difer\u00e8ncies. No sols en edat, sin\u00f3 tamb\u00e9 en visi\u00f3 del m\u00f3n, \u00fas de la tecnologia, estil de lideratge, presa de decisions i valors fonamentals.&nbsp;<\/p>\n\n\n\n<h3 class=\"wp-block-heading\">La difer\u00e8ncia no \u00e9s el problema. El problema \u00e9s ignorar-la.&nbsp;<\/h3>\n\n\n\n<p>Creure que tots han de pensar igual, actuar igual o prioritzar igual \u00e9s <strong>un parany<\/strong>. Aquesta negaci\u00f3 de la diversitat genera frustraci\u00f3, conflictes no expressats i una perillosa resist\u00e8ncia al canvi.&nbsp;<\/p>\n\n\n\n<p>Recon\u00e8ixer aquesta diversitat no significa resignar-se. <strong>Significa entendre que hi ha diferents maneres de veure i aportar valor a l'empresa<\/strong>, i que cada generaci\u00f3 pot enriquir el projecte com\u00fa des de la seva singularitat.&nbsp;<\/p>\n\n\n\n<h2 class=\"wp-block-heading\">Principals tensions generacionals dins de l'empresa familiar&nbsp;<\/h2>\n\n\n\n<p>Acceptar que existeixen difer\u00e8ncies \u00e9s el primer pas. El segon, entendre <em>on<\/em> i <em>com<\/em> es manifesten aquestes tensions.&nbsp;<\/p>\n\n\n\n<h3 class=\"wp-block-heading\">1. En la presa de decisions&nbsp;<\/h3>\n\n\n\n<ul class=\"wp-block-list\">\n<li>Fundadors amb visi\u00f3 conservadora vs. noves generacions m\u00e9s innovadores.&nbsp;<\/li>\n\n\n\n<li>Decisions basades en experi\u00e8ncia vs. decisions basades en dades i tend\u00e8ncies actuals.&nbsp;<\/li>\n<\/ul>\n\n\n\n<h3 class=\"wp-block-heading\">2. En l'\u00fas de la tecnologia&nbsp;<\/h3>\n\n\n\n<ul class=\"wp-block-list\">\n<li>Rebuig al canvi digital vs. aposta decidida per l'automatitzaci\u00f3, xarxes socials, IA, etc&nbsp;<\/li>\n\n\n\n<li>Desfasament en la manera de treballar i comunicar-se (email vs. missatgeria instant\u00e0nia, reunions vs. treball as\u00edncron).&nbsp;<\/li>\n<\/ul>\n\n\n\n<h3 class=\"wp-block-heading\">3. En l'enfocament del lideratge&nbsp;<\/h3>\n\n\n\n<ul class=\"wp-block-list\">\n<li>Lideratges jer\u00e0rquics i centralitzats vs. lideratges participatius i horitzontals.&nbsp;<\/li>\n\n\n\n<li>Diferent manera de motivar, retenir talent i relacionar-se amb empleats i prove\u00efdors.&nbsp;<\/li>\n<\/ul>\n\n\n\n<h3 class=\"wp-block-heading\">4. En la visi\u00f3 del futur&nbsp;<\/h3>\n\n\n\n<ul class=\"wp-block-list\">\n<li>Prioritzar l'estabilitat i el llegat vs. explorar nous mercats, diversificar, internacionalitzar o pivotar el model de negoci.&nbsp;<\/li>\n<\/ul>\n\n\n\n<h2 class=\"wp-block-heading\">Les conseq\u00fc\u00e8ncies de negar la diversitat generacional&nbsp;<\/h2>\n\n\n\n<p>Quan no es reconeix aquesta diversitat, <strong>es bloqueja el di\u00e0leg i es frena l'evoluci\u00f3 de l'empresa<\/strong>. Les conseq\u00fc\u00e8ncies poden ser greus:&nbsp;<\/p>\n\n\n\n<ul class=\"wp-block-list\">\n<li><strong>Conflictes familiars persistents o no resolts<\/strong>&nbsp;<\/li>\n\n\n\n<li><strong>Estancament del creixement empresarial<\/strong>&nbsp;<\/li>\n\n\n\n<li><strong>Falta de comprom\u00eds de les noves generacions<\/strong>&nbsp;<\/li>\n\n\n\n<li><strong>Desmotivaci\u00f3 dels equips<\/strong>&nbsp;<\/li>\n\n\n\n<li><strong>Dificultats en els processos de successi\u00f3<\/strong>&nbsp;<\/li>\n<\/ul>\n\n\n\n<p>Negar les difer\u00e8ncies no les elimina. Nom\u00e9s les torna invisibles\u2026 fins que esclaten.&nbsp;<\/p>\n\n\n<div class=\"wp-block-image\">\n<figure class=\"aligncenter size-large is-resized\"><a href=\"https:\/\/improven.com\/cat\/empresa-familiar\/acte-sabotatges-en-la-successio-de-empresa-familiar\/\" target=\"_blank\" rel=\" noreferrer noopener\"><img loading=\"lazy\" decoding=\"async\" width=\"722\" height=\"1024\" src=\"https:\/\/improven.com\/wp-content\/uploads\/2025\/01\/sucesion-de-empresa-familiar-722x1024.png\" alt=\"autosabotatges en la successi\u00f3 d&#039;empresa familiar\" class=\"wp-image-12727\" style=\"object-fit:cover;width:300px;height:425px\" srcset=\"https:\/\/improven.com\/wp-content\/uploads\/2025\/01\/sucesion-de-empresa-familiar-722x1024.png 722w, https:\/\/improven.com\/wp-content\/uploads\/2025\/01\/sucesion-de-empresa-familiar-211x300.png 211w, https:\/\/improven.com\/wp-content\/uploads\/2025\/01\/sucesion-de-empresa-familiar-768x1090.png 768w, https:\/\/improven.com\/wp-content\/uploads\/2025\/01\/sucesion-de-empresa-familiar-8x12.png 8w, https:\/\/improven.com\/wp-content\/uploads\/2025\/01\/sucesion-de-empresa-familiar.png 857w\" sizes=\"auto, (max-width: 722px) 100vw, 722px\" \/><\/a><\/figure>\n<\/div>\n\n\n<h2 class=\"wp-block-heading\">La diversitat ben gestionada: d'amena\u00e7a a fortalesa&nbsp;<\/h2>\n\n\n\n<p>La bona not\u00edcia \u00e9s que <strong>la diversitat generacional tamb\u00e9 \u00e9s un enorme actiu<\/strong> si es gestiona amb maduresa, respecte i planificaci\u00f3.&nbsp;<\/p>\n\n\n\n<h3 class=\"wp-block-heading\">Qu\u00e8 pot aportar cada generaci\u00f3?&nbsp;<\/h3>\n\n\n\n<ul class=\"wp-block-list\">\n<li><strong>Els fundadors<\/strong>: visi\u00f3 estrat\u00e8gica a llarg termini, coneixement profund del negoci, relacions consolidades, valors i cultura.&nbsp;<\/li>\n\n\n\n<li><strong>Les generacions interm\u00e8dies<\/strong>: capacitat d'execuci\u00f3, experi\u00e8ncia operativa, combinaci\u00f3 entre lideratge tradicional i modern.&nbsp;<\/li>\n\n\n\n<li><strong>Les noves generacions<\/strong>: frescor, innovaci\u00f3, adaptabilitat, visi\u00f3 tecnol\u00f2gica i sensibilitat per noves maneres de treballar i comunicar.&nbsp;<\/li>\n<\/ul>\n\n\n\n<p><strong>Integrar tot aix\u00f2 genera resili\u00e8ncia, innovaci\u00f3 i sostenibilitat a llarg termini.<\/strong>&nbsp;<\/p>\n\n\n\n<h2 class=\"wp-block-heading\">Com gestionar la diversitat generacional en l'empresa familiar&nbsp;<\/h2>\n\n\n\n<p>Acceptar que hi ha difer\u00e8ncies \u00e9s nom\u00e9s el comen\u00e7ament. L'important \u00e9s establir mecanismes per a canalitzar aquesta diversitat de manera constructiva.&nbsp;<\/p>\n\n\n\n<h3 class=\"wp-block-heading\">1. Crear espais de di\u00e0leg intergeneracional&nbsp;<\/h3>\n\n\n\n<p>Facilitar trobades estructurades on les diferents generacions puguin compartir la seva visi\u00f3, preocupacions, idees i propostes, sense judicis ni prejudicis.&nbsp;<\/p>\n\n\n\n<h3 class=\"wp-block-heading\">2. Establir normes clares de conviv\u00e8ncia i lideratge&nbsp;<\/h3>\n\n\n\n<p>Definir rols, responsabilitats i estils de direcci\u00f3 comunes. No tot val per ser \u201cde la fam\u00edlia\u201d. Es necessita professionalitzar la gesti\u00f3 i consensuar criteris.&nbsp;<\/p>\n\n\n\n<h3 class=\"wp-block-heading\">3. Promoure l'escolta activa i l'empatia&nbsp;<\/h3>\n\n\n\n<p>Fomentar que cada generaci\u00f3 entengui el context de l'altre. Qu\u00e8 els preocupa? Quines s\u00f3n les seves motivacions tenen? Qu\u00e8 veuen que uns altres no estan veient?&nbsp;<\/p>\n\n\n\n<h3 class=\"wp-block-heading\">4. Dissenyar una estrat\u00e8gia de transici\u00f3 generacional&nbsp;<\/h3>\n\n\n\n<p>No deixar la successi\u00f3 a l'atzar. Treballar amb un acompanyament professional per a dissenyar un proc\u00e9s que respecti la identitat de cada generaci\u00f3 i promogui la continu\u00eftat de l'empresa.&nbsp;<\/p>\n\n\n\n<h3 class=\"wp-block-heading\">5. Incloure figures externes com a facilitadors&nbsp;<\/h3>\n\n\n\n<p>Un consultor extern, com Improven, pot mediar, guiar converses dif\u00edcils i dissenyar estrat\u00e8gies que ajudin a construir ponts duradors entre generacions.&nbsp;<\/p>\n\n\n\n<h2 class=\"wp-block-heading\">La diversitat generacional com a avantatge competitiu&nbsp;<\/h2>\n\n\n\n<p>Una empresa familiar que sap integrar amb \u00e8xit a diverses generacions <strong>\u00e9s molt m\u00e9s competitiva<\/strong>, perqu\u00e8:&nbsp;<\/p>\n\n\n\n<ul class=\"wp-block-list\">\n<li>\u00c9s capa\u00e7 d'adaptar-se als canvis del mercat amb m\u00e9s agilitat.&nbsp;<\/li>\n\n\n\n<li>Atreu i ret\u00e9 millor el talent jove.&nbsp;<\/li>\n\n\n\n<li>T\u00e9 major projecci\u00f3 de futur sense perdre les seves arrels.&nbsp;<\/li>\n\n\n\n<li>\u00c9s m\u00e9s innovadora sense trencar amb la seva ess\u00e8ncia.&nbsp;<\/li>\n<\/ul>\n\n\n\n<p><strong>Creure en la diversitat generacional no \u00e9s nom\u00e9s una q\u00fcesti\u00f3 d'harmonia familiar: \u00e9s una q\u00fcesti\u00f3 d'estrat\u00e8gia empresarial.<\/strong>&nbsp;<\/p>\n\n\n\n<h2 class=\"wp-block-heading\">Conclusi\u00f3. Diversitat generacional en la teva empresa familiar<\/h2>\n\n\n\n<p><strong>Negar la diversitat generacional en l'empresa familiar \u00e9s un dels autosabotatges m\u00e9s comuns\u2026 i m\u00e9s perillosos.<\/strong> Impedeix el di\u00e0leg, alimenta tensions i bloqueja l'evoluci\u00f3 de l'empresa. Per\u00f2 aquesta mateixa diversitat, si es gestiona amb obertura, intel\u00b7lig\u00e8ncia i empatia, es converteix en un motor d'innovaci\u00f3, sostenibilitat i creixement.&nbsp;<\/p>\n\n\n\n<p>Creure en la diversitat \u00e9s apostar per un futur m\u00e9s fort, m\u00e9s ric i m\u00e9s hum\u00e0 per a la teva empresa familiar.&nbsp;<\/p>\n\n\n\n<p class=\" translation-block\"><strong>Si vols saber com, <a href=\"http:\/\/improven.com\/contacto\/?utm_source=site&amp;utm_medium=internal&amp;utm_campaign=Improven_Trfico_contacto_281125\" target=\"_blank\" rel=\"noreferrer noopener\">ens asseiem i parlem<\/a>! Ens encantar\u00e0 escoltar les teves necessitats i veure com et podem ajudar.<\/strong><\/p>","protected":false},"excerpt":{"rendered":"<p>La diversidad generacional en la empresa familiar puede ser una de sus mayores fortalezas\u2026 o una fuente de tensiones constantes si no se gestiona con inteligencia y empat\u00eda. A menudo, el tercer gran autosabotaje en los procesos de sucesi\u00f3n y continuidad es negar la diversidad generacional o no querer verla. Y ese rechazo puede frenar [&hellip;]<\/p>","protected":false},"author":42,"featured_media":15268,"comment_status":"closed","ping_status":"closed","sticky":false,"template":"","format":"standard","meta":{"_acf_changed":false,"footnotes":""},"categories":[32,48],"tags":[],"class_list":["post-15267","post","type-post","status-publish","format-standard","has-post-thumbnail","hentry","category-actualidad","category-empresa-familiar"],"acf":[],"yoast_head":"<!-- This site is optimized with the Yoast SEO plugin v21.2 - https:\/\/yoast.com\/wordpress\/plugins\/seo\/ -->\n<title>C\u00f3mo gestionar la diversidad generacional en tu empresa familiar<\/title>\n<meta name=\"description\" content=\"Negar la diversidad generacional en tu empresa familiar es un error com\u00fan. Aprende a gestionarla como una ventaja estrat\u00e9gica para el futuro\" \/>\n<meta name=\"robots\" content=\"index, follow, max-snippet:-1, max-image-preview:large, max-video-preview:-1\" \/>\n<link rel=\"canonical\" href=\"https:\/\/improven.com\/cat\/actualitat\/diversitat-generacional-en-la-teva-empresa-familiar\/\" \/>\n<meta property=\"og:locale\" content=\"ca_ES\" \/>\n<meta property=\"og:type\" content=\"article\" \/>\n<meta property=\"og:title\" content=\"C\u00f3mo gestionar la diversidad generacional en tu empresa familiar\" \/>\n<meta property=\"og:description\" content=\"Negar la diversidad generacional en tu empresa familiar es un error com\u00fan. Aprende a gestionarla como una ventaja estrat\u00e9gica para el futuro\" \/>\n<meta property=\"og:url\" content=\"https:\/\/improven.com\/cat\/actualitat\/diversitat-generacional-en-la-teva-empresa-familiar\/\" \/>\n<meta property=\"og:site_name\" content=\"Improven\" \/>\n<meta property=\"article:published_time\" content=\"2025-06-12T06:27:56+00:00\" \/>\n<meta property=\"article:modified_time\" content=\"2025-06-18T09:33:32+00:00\" \/>\n<meta property=\"og:image\" content=\"https:\/\/improven.com\/wp-content\/uploads\/2025\/05\/Improven-en-los-medios-1-2.jpg\" \/>\n\t<meta property=\"og:image:width\" content=\"1200\" \/>\n\t<meta property=\"og:image:height\" content=\"522\" \/>\n\t<meta property=\"og:image:type\" content=\"image\/jpeg\" \/>\n<meta name=\"author\" content=\"Georgina Gilabert\" \/>\n<meta name=\"twitter:card\" content=\"summary_large_image\" \/>\n<meta name=\"twitter:label1\" content=\"Escrit per\" \/>\n\t<meta name=\"twitter:data1\" content=\"Georgina Gilabert\" \/>\n\t<meta name=\"twitter:label2\" content=\"Temps estimat de lectura\" \/>\n\t<meta name=\"twitter:data2\" content=\"5 minuts\" \/>\n<script type=\"application\/ld+json\" class=\"yoast-schema-graph\">{\"@context\":\"https:\/\/schema.org\",\"@graph\":[{\"@type\":\"WebPage\",\"@id\":\"https:\/\/improven.com\/cat\/actualitat\/diversitat-generacional-en-la-teva-empresa-familiar\/\",\"url\":\"https:\/\/improven.com\/cat\/actualitat\/diversitat-generacional-en-la-teva-empresa-familiar\/\",\"name\":\"C\u00f3mo gestionar la diversidad generacional en tu empresa familiar\",\"isPartOf\":{\"@id\":\"https:\/\/improven.com\/cat\/#website\"},\"datePublished\":\"2025-06-12T06:27:56+00:00\",\"dateModified\":\"2025-06-18T09:33:32+00:00\",\"author\":{\"@id\":\"https:\/\/improven.com\/cat\/#\/schema\/person\/33eee5d30654f3e6507d8514f5b7e21b\"},\"description\":\"Negar la diversidad generacional en tu empresa familiar es un error com\u00fan. Aprende a gestionarla como una ventaja estrat\u00e9gica para el futuro\",\"inLanguage\":\"ca\",\"potentialAction\":[{\"@type\":\"ReadAction\",\"target\":[\"https:\/\/improven.com\/cat\/actualitat\/diversitat-generacional-en-la-teva-empresa-familiar\/\"]}]},{\"@type\":\"WebSite\",\"@id\":\"https:\/\/improven.com\/cat\/#website\",\"url\":\"https:\/\/improven.com\/cat\/\",\"name\":\"Improven\",\"description\":\"\",\"potentialAction\":[{\"@type\":\"SearchAction\",\"target\":{\"@type\":\"EntryPoint\",\"urlTemplate\":\"https:\/\/improven.com\/cat\/?s={search_term_string}\"},\"query-input\":\"required name=search_term_string\"}],\"inLanguage\":\"ca\"},{\"@type\":\"Person\",\"@id\":\"https:\/\/improven.com\/cat\/#\/schema\/person\/33eee5d30654f3e6507d8514f5b7e21b\",\"name\":\"Georgina Gilabert\",\"image\":{\"@type\":\"ImageObject\",\"inLanguage\":\"ca\",\"@id\":\"https:\/\/improven.com\/cat\/#\/schema\/person\/image\/\",\"url\":\"https:\/\/secure.gravatar.com\/avatar\/9019463c4c6d047f739a67cb15fa0a1f0858a6eafcecfb17193326b52b632192?s=96&d=mm&r=g\",\"contentUrl\":\"https:\/\/secure.gravatar.com\/avatar\/9019463c4c6d047f739a67cb15fa0a1f0858a6eafcecfb17193326b52b632192?s=96&d=mm&r=g\",\"caption\":\"Georgina Gilabert\"},\"url\":\"https:\/\/improven.com\/cat\/author\/georgina\/\"}]}<\/script>\n<!-- \/ Yoast SEO plugin. -->","yoast_head_json":{"title":"C\u00f3mo gestionar la diversidad generacional en tu empresa familiar","description":"Negar la diversidad generacional en tu empresa familiar es un error com\u00fan. Aprende a gestionarla como una ventaja estrat\u00e9gica para el futuro","robots":{"index":"index","follow":"follow","max-snippet":"max-snippet:-1","max-image-preview":"max-image-preview:large","max-video-preview":"max-video-preview:-1"},"canonical":"https:\/\/improven.com\/cat\/actualitat\/diversitat-generacional-en-la-teva-empresa-familiar\/","og_locale":"ca_ES","og_type":"article","og_title":"C\u00f3mo gestionar la diversidad generacional en tu empresa familiar","og_description":"Negar la diversidad generacional en tu empresa familiar es un error com\u00fan. Aprende a gestionarla como una ventaja estrat\u00e9gica para el futuro","og_url":"https:\/\/improven.com\/cat\/actualitat\/diversitat-generacional-en-la-teva-empresa-familiar\/","og_site_name":"Improven","article_published_time":"2025-06-12T06:27:56+00:00","article_modified_time":"2025-06-18T09:33:32+00:00","og_image":[{"width":1200,"height":522,"url":"https:\/\/improven.com\/wp-content\/uploads\/2025\/05\/Improven-en-los-medios-1-2.jpg","type":"image\/jpeg"}],"author":"Georgina Gilabert","twitter_card":"summary_large_image","twitter_misc":{"Escrit per":"Georgina Gilabert","Temps estimat de lectura":"5 minuts"},"schema":{"@context":"https:\/\/schema.org","@graph":[{"@type":"WebPage","@id":"https:\/\/improven.com\/cat\/actualitat\/diversitat-generacional-en-la-teva-empresa-familiar\/","url":"https:\/\/improven.com\/cat\/actualitat\/diversitat-generacional-en-la-teva-empresa-familiar\/","name":"C\u00f3mo gestionar la diversidad generacional en tu empresa familiar","isPartOf":{"@id":"https:\/\/improven.com\/cat\/#website"},"datePublished":"2025-06-12T06:27:56+00:00","dateModified":"2025-06-18T09:33:32+00:00","author":{"@id":"https:\/\/improven.com\/cat\/#\/schema\/person\/33eee5d30654f3e6507d8514f5b7e21b"},"description":"Negar la diversidad generacional en tu empresa familiar es un error com\u00fan. Aprende a gestionarla como una ventaja estrat\u00e9gica para el futuro","inLanguage":"ca","potentialAction":[{"@type":"ReadAction","target":["https:\/\/improven.com\/cat\/actualitat\/diversitat-generacional-en-la-teva-empresa-familiar\/"]}]},{"@type":"WebSite","@id":"https:\/\/improven.com\/cat\/#website","url":"https:\/\/improven.com\/cat\/","name":"Improven","description":"","potentialAction":[{"@type":"SearchAction","target":{"@type":"EntryPoint","urlTemplate":"https:\/\/improven.com\/cat\/?s={search_term_string}"},"query-input":"required name=search_term_string"}],"inLanguage":"ca"},{"@type":"Person","@id":"https:\/\/improven.com\/cat\/#\/schema\/person\/33eee5d30654f3e6507d8514f5b7e21b","name":"Georgina Gilabert","image":{"@type":"ImageObject","inLanguage":"ca","@id":"https:\/\/improven.com\/cat\/#\/schema\/person\/image\/","url":"https:\/\/secure.gravatar.com\/avatar\/9019463c4c6d047f739a67cb15fa0a1f0858a6eafcecfb17193326b52b632192?s=96&d=mm&r=g","contentUrl":"https:\/\/secure.gravatar.com\/avatar\/9019463c4c6d047f739a67cb15fa0a1f0858a6eafcecfb17193326b52b632192?s=96&d=mm&r=g","caption":"Georgina Gilabert"},"url":"https:\/\/improven.com\/cat\/author\/georgina\/"}]}},"_links":{"self":[{"href":"https:\/\/improven.com\/cat\/wp-json\/wp\/v2\/posts\/15267","targetHints":{"allow":["GET"]}}],"collection":[{"href":"https:\/\/improven.com\/cat\/wp-json\/wp\/v2\/posts"}],"about":[{"href":"https:\/\/improven.com\/cat\/wp-json\/wp\/v2\/types\/post"}],"author":[{"embeddable":true,"href":"https:\/\/improven.com\/cat\/wp-json\/wp\/v2\/users\/42"}],"replies":[{"embeddable":true,"href":"https:\/\/improven.com\/cat\/wp-json\/wp\/v2\/comments?post=15267"}],"version-history":[{"count":0,"href":"https:\/\/improven.com\/cat\/wp-json\/wp\/v2\/posts\/15267\/revisions"}],"wp:featuredmedia":[{"embeddable":true,"href":"https:\/\/improven.com\/cat\/wp-json\/wp\/v2\/media\/15268"}],"wp:attachment":[{"href":"https:\/\/improven.com\/cat\/wp-json\/wp\/v2\/media?parent=15267"}],"wp:term":[{"taxonomy":"category","embeddable":true,"href":"https:\/\/improven.com\/cat\/wp-json\/wp\/v2\/categories?post=15267"},{"taxonomy":"post_tag","embeddable":true,"href":"https:\/\/improven.com\/cat\/wp-json\/wp\/v2\/tags?post=15267"}],"curies":[{"name":"wp","href":"https:\/\/api.w.org\/{rel}","templated":true}]}}