{"id":15261,"date":"2025-05-21T13:38:33","date_gmt":"2025-05-21T13:38:33","guid":{"rendered":"https:\/\/improven.com\/?p=15261"},"modified":"2025-05-21T13:38:39","modified_gmt":"2025-05-21T13:38:39","slug":"politica-interna-empresa-familiar","status":"publish","type":"post","link":"https:\/\/improven.com\/cat\/actualitat\/politica-interna-empresa-familiar\/","title":{"rendered":"La pol\u00edtica interna en l'empresa familiar: un factor clau per al creixement i la continu\u00eftat\u00a0"},"content":{"rendered":"<figure class=\"wp-block-embed is-type-video is-provider-youtube wp-block-embed-youtube wp-embed-aspect-16-9 wp-has-aspect-ratio\"><div class=\"wp-block-embed__wrapper\">\n<iframe loading=\"lazy\" title=\"1. En las empresas hay pol\u00edtica, en las empresas familiares tambi\u00e9n.\" width=\"800\" height=\"450\" src=\"https:\/\/www.youtube.com\/embed\/8a1135GmKs4?list=PLn_q9LmDLbFbtoMIJiuTjFTJjLv6jkLSd\" frameborder=\"0\" allow=\"accelerometer; autoplay; clipboard-write; encrypted-media; gyroscope; picture-in-picture; web-share\" referrerpolicy=\"strict-origin-when-cross-origin\" allowfullscreen><\/iframe>\n<\/div><\/figure>\n\n\n\n<p>En qualsevol empresa on interactuen persones, sorgeix de manera inevitable la pol\u00edtica interna, i per a una empresa familiar pot ser un inconvenient. I no parlem de partits ni ideologies, sin\u00f3 de la capacitat per a gestionar relacions, influ\u00e8ncies i din\u00e0miques de poder amb l'objectiu de conviure, prendre decisions i avan\u00e7ar junts.\u00a0<\/p>\n\n\n\n<p>Quan parlem d'una <strong><a href=\"https:\/\/improven.com\/cat\/empresa-familiar\/\" target=\"_blank\" rel=\"noreferrer noopener\">empresa familiar<\/a><\/strong>, aquesta realitat \u00e9s encara m\u00e9s evident. Perqu\u00e8, a m\u00e9s de gestionar interessos empresarials, entren en joc els vincles afectius, la hist\u00f2ria compartida i les aspiracions personals dels membres de la fam\u00edlia.\u00a0<\/p>\n\n\n\n<h2 class=\"wp-block-heading\"><strong>El rol pol\u00edtic del president en l'empresa familiar<\/strong>&nbsp;<\/h2>\n\n\n\n<p>Ser president d'una companyia familiar no significa nom\u00e9s marcar una visi\u00f3 estrat\u00e8gica o assegurar el creixement financer. Significa, a m\u00e9s, exercir un paper <strong>pol\u00edtic<\/strong> dins de l'organitzaci\u00f3: facilitar acords, gestionar difer\u00e8ncies d'interessos, construir consensos i prendre decisions que garanteixin el bon govern de l'empresa.&nbsp;<\/p>\n\n\n\n<p>En qualsevol organitzaci\u00f3 existeixen aliats i opositors, i aquesta din\u00e0mica de poder \u00e9s natural. La difer\u00e8ncia en una empresa familiar \u00e9s que, encara que l'amor i la uni\u00f3 predominen, tamb\u00e9 existeixen aspiracions leg\u00edtimes d'influ\u00e8ncia sobre el patrimoni i el futur del negoci.&nbsp;<\/p>\n\n\n\n<p>Per aix\u00f2, el president ha de ser un gran negociador i un gran facilitador. La seva missi\u00f3 \u00e9s assegurar que la gesti\u00f3 empresarial sigui efica\u00e7 sense posar en risc les relacions familiars que sostenen el projecte com\u00fa.&nbsp;<\/p>\n\n\n\n<h2 class=\"wp-block-heading\"><strong>L'equilibri entre resultats econ\u00f2mics i uni\u00f3 familiar<\/strong>&nbsp;<\/h2>\n\n\n\n<p>\u00c9s clar: <strong>el flux de caixa<\/strong> continua sent el millor term\u00f2metre de la salut econ\u00f2mica d'una empresa familiar. Sense resultats no hi ha projecte sostenible. Per\u00f2 <strong>la uni\u00f3, l'afecte i el respecte familiar<\/strong> s\u00f3n igual de cr\u00edtics per a garantir la continu\u00eftat generacional i l'\u00e8xit a llarg termini.&nbsp;<\/p>\n\n\n\n<p>Trobar aquest equilibri \u00e9s el gran repte. Perqu\u00e8 tan important com facturar m\u00e9s o cr\u00e9ixer en nous mercats \u00e9s aconseguir que la fam\u00edlia continu\u00ef caminant junta, amb un prop\u00f2sit com\u00fa i un projecte compartit.&nbsp;<\/p>\n\n\n\n<h2 class=\"wp-block-heading\"><strong>Com construir aquest equilibri en l'empresa familiar?<\/strong>&nbsp;<\/h2>\n\n\n\n<ul class=\"wp-block-list\">\n<li><strong>Professionalitzant la gesti\u00f3<\/strong>, separant de manera clara els rols de propietat i gesti\u00f3.\u00a0<\/li>\n<\/ul>\n\n\n\n<ul class=\"wp-block-list\">\n<li><strong>Establint \u00f2rgans de govern<\/strong> que assegurin la transpar\u00e8ncia i la presa de decisions compartida.\u00a0<\/li>\n<\/ul>\n\n\n\n<ul class=\"wp-block-list\">\n<li><strong>Fomentant espais de comunicaci\u00f3<\/strong>, donde todos los miembros puedan expresar sus inquietudes, expectativas y aspiraciones.\u00a0<\/li>\n<\/ul>\n\n\n\n<ul class=\"wp-block-list\">\n<li><strong>Formant l\u00edders pol\u00edtics dins de la fam\u00edlia<\/strong>, capa\u00e7os de construir ponts, gestionar conflictes i alinear interessos.\u00a0<\/li>\n<\/ul>\n\n\n\n<h2 class=\"wp-block-heading\"><strong>En Improven, acompanyem a les empreses familiars en la seva evoluci\u00f3<\/strong>&nbsp;<\/h2>\n\n\n\n<p>A <strong>Improven<\/strong>, portem anys acompanyant a <strong>empreses familiars<\/strong> en el seu cam\u00ed cap a la professionalitzaci\u00f3, el creixement sostenible i la construcci\u00f3 d'un futur compartit. Sabem que l'\u00e8xit d'una empresa familiar no dep\u00e8n nom\u00e9s dels resultats econ\u00f2mics, sin\u00f3 tamb\u00e9 de la capacitat de cuidar i enfortir els lla\u00e7os que la sostenen.&nbsp;<\/p>\n\n\n\n<p>Si vols construir una empresa familiar s\u00f2lida, rendible i unida, compta amb nosaltres. T'ajudarem a gestionar tant l'estrat\u00e8gia com les relacions internes, perqu\u00e8 la teva empresa creixi fent cr\u00e9ixer tamb\u00e9 a la teva fam\u00edlia.&nbsp;<\/p>\n\n\n\n<p>Pots descarregar-te la guia \u201cautosabotatges en la successi\u00f3 de l'empresa familiar\u201d en aquest <a href=\"https:\/\/improven.com\/cat\/empresa-familiar\/acte-sabotatges-en-la-successio-de-empresa-familiar\/\" target=\"_blank\" rel=\"noreferrer noopener\">enlace.<\/a>\u00a0\u00a0<\/p>","protected":false},"excerpt":{"rendered":"<p>En cualquier empresa donde interact\u00faan personas, surge de manera inevitable la pol\u00edtica interna, y para una empresa familiar puede ser un inconveniente. Y no hablamos de partidos ni ideolog\u00edas, sino de la capacidad para gestionar relaciones, influencias y din\u00e1micas de poder con el objetivo de convivir, tomar decisiones y avanzar juntos.\u00a0 Cuando hablamos de una [&hellip;]<\/p>","protected":false},"author":42,"featured_media":15262,"comment_status":"closed","ping_status":"closed","sticky":false,"template":"","format":"standard","meta":{"_acf_changed":false,"footnotes":""},"categories":[32,48],"tags":[],"class_list":["post-15261","post","type-post","status-publish","format-standard","has-post-thumbnail","hentry","category-actualidad","category-empresa-familiar"],"acf":[],"yoast_head":"<!-- This site is optimized with the Yoast SEO plugin v21.2 - https:\/\/yoast.com\/wordpress\/plugins\/seo\/ -->\n<title>La pol\u00edtica interna en la empresa familiar. Autosabotajes - Improven<\/title>\n<meta name=\"description\" content=\"La pol\u00edtica interna en la empresa familiar es clave para el crecimiento, la uni\u00f3n y la continuidad generacional del negocio.\" \/>\n<meta name=\"robots\" content=\"index, follow, max-snippet:-1, max-image-preview:large, max-video-preview:-1\" \/>\n<link rel=\"canonical\" href=\"https:\/\/improven.com\/cat\/actualitat\/politica-interna-empresa-familiar\/\" \/>\n<meta property=\"og:locale\" content=\"ca_ES\" \/>\n<meta property=\"og:type\" content=\"article\" \/>\n<meta property=\"og:title\" content=\"La pol\u00edtica interna en la empresa familiar. Autosabotajes - Improven\" \/>\n<meta property=\"og:description\" content=\"La pol\u00edtica interna en la empresa familiar es clave para el crecimiento, la uni\u00f3n y la continuidad generacional del negocio.\" \/>\n<meta property=\"og:url\" content=\"https:\/\/improven.com\/cat\/actualitat\/politica-interna-empresa-familiar\/\" \/>\n<meta property=\"og:site_name\" content=\"Improven\" \/>\n<meta property=\"article:published_time\" content=\"2025-05-21T13:38:33+00:00\" \/>\n<meta property=\"article:modified_time\" content=\"2025-05-21T13:38:39+00:00\" \/>\n<meta property=\"og:image\" content=\"https:\/\/improven.com\/wp-content\/uploads\/2025\/05\/Improven-en-los-medios-1-1.jpg\" \/>\n\t<meta property=\"og:image:width\" content=\"1200\" \/>\n\t<meta property=\"og:image:height\" content=\"522\" \/>\n\t<meta property=\"og:image:type\" content=\"image\/jpeg\" \/>\n<meta name=\"author\" content=\"Georgina Gilabert\" \/>\n<meta name=\"twitter:card\" content=\"summary_large_image\" \/>\n<meta name=\"twitter:label1\" content=\"Escrit per\" \/>\n\t<meta name=\"twitter:data1\" content=\"Georgina Gilabert\" \/>\n\t<meta name=\"twitter:label2\" content=\"Temps estimat de lectura\" \/>\n\t<meta name=\"twitter:data2\" content=\"3 minuts\" \/>\n<script type=\"application\/ld+json\" class=\"yoast-schema-graph\">{\"@context\":\"https:\/\/schema.org\",\"@graph\":[{\"@type\":\"WebPage\",\"@id\":\"https:\/\/improven.com\/cat\/actualitat\/politica-interna-empresa-familiar\/\",\"url\":\"https:\/\/improven.com\/cat\/actualitat\/politica-interna-empresa-familiar\/\",\"name\":\"La pol\u00edtica interna en la empresa familiar. Autosabotajes - Improven\",\"isPartOf\":{\"@id\":\"https:\/\/improven.com\/cat\/#website\"},\"datePublished\":\"2025-05-21T13:38:33+00:00\",\"dateModified\":\"2025-05-21T13:38:39+00:00\",\"author\":{\"@id\":\"https:\/\/improven.com\/cat\/#\/schema\/person\/33eee5d30654f3e6507d8514f5b7e21b\"},\"description\":\"La pol\u00edtica interna en la empresa familiar es clave para el crecimiento, la uni\u00f3n y la continuidad generacional del negocio.\",\"inLanguage\":\"ca\",\"potentialAction\":[{\"@type\":\"ReadAction\",\"target\":[\"https:\/\/improven.com\/cat\/actualitat\/politica-interna-empresa-familiar\/\"]}]},{\"@type\":\"WebSite\",\"@id\":\"https:\/\/improven.com\/cat\/#website\",\"url\":\"https:\/\/improven.com\/cat\/\",\"name\":\"Improven\",\"description\":\"\",\"potentialAction\":[{\"@type\":\"SearchAction\",\"target\":{\"@type\":\"EntryPoint\",\"urlTemplate\":\"https:\/\/improven.com\/cat\/?s={search_term_string}\"},\"query-input\":\"required name=search_term_string\"}],\"inLanguage\":\"ca\"},{\"@type\":\"Person\",\"@id\":\"https:\/\/improven.com\/cat\/#\/schema\/person\/33eee5d30654f3e6507d8514f5b7e21b\",\"name\":\"Georgina Gilabert\",\"image\":{\"@type\":\"ImageObject\",\"inLanguage\":\"ca\",\"@id\":\"https:\/\/improven.com\/cat\/#\/schema\/person\/image\/\",\"url\":\"https:\/\/secure.gravatar.com\/avatar\/9019463c4c6d047f739a67cb15fa0a1f0858a6eafcecfb17193326b52b632192?s=96&d=mm&r=g\",\"contentUrl\":\"https:\/\/secure.gravatar.com\/avatar\/9019463c4c6d047f739a67cb15fa0a1f0858a6eafcecfb17193326b52b632192?s=96&d=mm&r=g\",\"caption\":\"Georgina Gilabert\"},\"url\":\"https:\/\/improven.com\/cat\/author\/georgina\/\"}]}<\/script>\n<!-- \/ Yoast SEO plugin. -->","yoast_head_json":{"title":"La pol\u00edtica interna en la empresa familiar. Autosabotajes - Improven","description":"La pol\u00edtica interna en la empresa familiar es clave para el crecimiento, la uni\u00f3n y la continuidad generacional del negocio.","robots":{"index":"index","follow":"follow","max-snippet":"max-snippet:-1","max-image-preview":"max-image-preview:large","max-video-preview":"max-video-preview:-1"},"canonical":"https:\/\/improven.com\/cat\/actualitat\/politica-interna-empresa-familiar\/","og_locale":"ca_ES","og_type":"article","og_title":"La pol\u00edtica interna en la empresa familiar. Autosabotajes - Improven","og_description":"La pol\u00edtica interna en la empresa familiar es clave para el crecimiento, la uni\u00f3n y la continuidad generacional del negocio.","og_url":"https:\/\/improven.com\/cat\/actualitat\/politica-interna-empresa-familiar\/","og_site_name":"Improven","article_published_time":"2025-05-21T13:38:33+00:00","article_modified_time":"2025-05-21T13:38:39+00:00","og_image":[{"width":1200,"height":522,"url":"https:\/\/improven.com\/wp-content\/uploads\/2025\/05\/Improven-en-los-medios-1-1.jpg","type":"image\/jpeg"}],"author":"Georgina Gilabert","twitter_card":"summary_large_image","twitter_misc":{"Escrit per":"Georgina Gilabert","Temps estimat de lectura":"3 minuts"},"schema":{"@context":"https:\/\/schema.org","@graph":[{"@type":"WebPage","@id":"https:\/\/improven.com\/cat\/actualitat\/politica-interna-empresa-familiar\/","url":"https:\/\/improven.com\/cat\/actualitat\/politica-interna-empresa-familiar\/","name":"La pol\u00edtica interna en la empresa familiar. Autosabotajes - Improven","isPartOf":{"@id":"https:\/\/improven.com\/cat\/#website"},"datePublished":"2025-05-21T13:38:33+00:00","dateModified":"2025-05-21T13:38:39+00:00","author":{"@id":"https:\/\/improven.com\/cat\/#\/schema\/person\/33eee5d30654f3e6507d8514f5b7e21b"},"description":"La pol\u00edtica interna en la empresa familiar es clave para el crecimiento, la uni\u00f3n y la continuidad generacional del negocio.","inLanguage":"ca","potentialAction":[{"@type":"ReadAction","target":["https:\/\/improven.com\/cat\/actualitat\/politica-interna-empresa-familiar\/"]}]},{"@type":"WebSite","@id":"https:\/\/improven.com\/cat\/#website","url":"https:\/\/improven.com\/cat\/","name":"Improven","description":"","potentialAction":[{"@type":"SearchAction","target":{"@type":"EntryPoint","urlTemplate":"https:\/\/improven.com\/cat\/?s={search_term_string}"},"query-input":"required name=search_term_string"}],"inLanguage":"ca"},{"@type":"Person","@id":"https:\/\/improven.com\/cat\/#\/schema\/person\/33eee5d30654f3e6507d8514f5b7e21b","name":"Georgina Gilabert","image":{"@type":"ImageObject","inLanguage":"ca","@id":"https:\/\/improven.com\/cat\/#\/schema\/person\/image\/","url":"https:\/\/secure.gravatar.com\/avatar\/9019463c4c6d047f739a67cb15fa0a1f0858a6eafcecfb17193326b52b632192?s=96&d=mm&r=g","contentUrl":"https:\/\/secure.gravatar.com\/avatar\/9019463c4c6d047f739a67cb15fa0a1f0858a6eafcecfb17193326b52b632192?s=96&d=mm&r=g","caption":"Georgina Gilabert"},"url":"https:\/\/improven.com\/cat\/author\/georgina\/"}]}},"_links":{"self":[{"href":"https:\/\/improven.com\/cat\/wp-json\/wp\/v2\/posts\/15261","targetHints":{"allow":["GET"]}}],"collection":[{"href":"https:\/\/improven.com\/cat\/wp-json\/wp\/v2\/posts"}],"about":[{"href":"https:\/\/improven.com\/cat\/wp-json\/wp\/v2\/types\/post"}],"author":[{"embeddable":true,"href":"https:\/\/improven.com\/cat\/wp-json\/wp\/v2\/users\/42"}],"replies":[{"embeddable":true,"href":"https:\/\/improven.com\/cat\/wp-json\/wp\/v2\/comments?post=15261"}],"version-history":[{"count":0,"href":"https:\/\/improven.com\/cat\/wp-json\/wp\/v2\/posts\/15261\/revisions"}],"wp:featuredmedia":[{"embeddable":true,"href":"https:\/\/improven.com\/cat\/wp-json\/wp\/v2\/media\/15262"}],"wp:attachment":[{"href":"https:\/\/improven.com\/cat\/wp-json\/wp\/v2\/media?parent=15261"}],"wp:term":[{"taxonomy":"category","embeddable":true,"href":"https:\/\/improven.com\/cat\/wp-json\/wp\/v2\/categories?post=15261"},{"taxonomy":"post_tag","embeddable":true,"href":"https:\/\/improven.com\/cat\/wp-json\/wp\/v2\/tags?post=15261"}],"curies":[{"name":"wp","href":"https:\/\/api.w.org\/{rel}","templated":true}]}}