{"id":15242,"date":"2025-05-20T13:13:41","date_gmt":"2025-05-20T13:13:41","guid":{"rendered":"https:\/\/improven.com\/?p=15242"},"modified":"2025-06-18T08:20:29","modified_gmt":"2025-06-18T08:20:29","slug":"subvenciones-internacionalizacion-pymes-cv-ivace","status":"publish","type":"post","link":"https:\/\/improven.com\/cat\/actualitat\/subvencionis-internacionalitzacio-pimes-cv-ivace\/","title":{"rendered":"La Comunitat Valenciana impulsa la internacionalitzaci\u00f3 de les seves pimes amb noves ajudes IVACE 2025"},"content":{"rendered":"<h2 class=\"wp-block-heading\"><strong>La teva empresa est\u00e0 llesta per a fer el salt al mercat internacional?<\/strong><\/h2>\n\n\n\n<p>Noves subvencions per a la internacionalitzaci\u00f3 de les pimes de la CV! L'IVACE (Institut Valenci\u00e0 de Competitivitat Empresarial) ha llan\u00e7at una nova l\u00ednia de subvencions per a 2025, dirigida a impulsar l'estrat\u00e8gia i acci\u00f3 internacional de les petites i mitjanes empreses de la Comunitat Valenciana.<\/p>\n\n\n\n<p>Aquestes ajudes estan pensades per a recolzar a les empreses que busquen cr\u00e9ixer en nous mercats, ja sigui mitjan\u00e7ant accions promocionals, participaci\u00f3 en fires internacionals, implantaci\u00f3 comercial en l'exterior o incorporaci\u00f3 de talent especialitzat.<\/p>\n\n\n\n<div style=\"height:14px\" aria-hidden=\"true\" class=\"wp-block-spacer\"><\/div>\n\n\n\n<div class=\"wp-block-buttons is-content-justification-center is-layout-flex wp-container-core-buttons-is-layout-16018d1d wp-block-buttons-is-layout-flex\">\n<div class=\"wp-block-button has-custom-width wp-block-button__width-50\"><a class=\"wp-block-button__link has-white-color has-text-color has-background has-link-color has-small-font-size has-custom-font-size wp-element-button\" href=\"https:\/\/www.ivace.es\/index.php\/es\/ayudas\/internacional\/654-internacional\/ayudas-a-la-internacionalizacion-2025\/56839-subvenciones-para-apoyar-la-estrategia-y-accion-internacional-de-las-pymes-de-la-cv-2025\" style=\"background-color:#0f4c81\" target=\"_blank\" rel=\"noreferrer noopener\"><strong>M\u00e9s informaci\u00f3<\/strong><\/a><\/div>\n<\/div>\n\n\n\n<div style=\"height:14px\" aria-hidden=\"true\" class=\"wp-block-spacer\"><\/div>\n\n\n\n<figure class=\"wp-block-image size-full is-resized\"><img loading=\"lazy\" decoding=\"async\" width=\"1920\" height=\"1069\" src=\"https:\/\/improven.com\/wp-content\/uploads\/2025\/05\/HEADER-NL-IMPROVEN-1.png\" alt=\"subvencions IVACE\" class=\"wp-image-15256\" style=\"object-fit:cover;width:800px;height:450px\" srcset=\"https:\/\/improven.com\/wp-content\/uploads\/2025\/05\/HEADER-NL-IMPROVEN-1.png 1920w, https:\/\/improven.com\/wp-content\/uploads\/2025\/05\/HEADER-NL-IMPROVEN-1-300x167.png 300w, https:\/\/improven.com\/wp-content\/uploads\/2025\/05\/HEADER-NL-IMPROVEN-1-1024x570.png 1024w, https:\/\/improven.com\/wp-content\/uploads\/2025\/05\/HEADER-NL-IMPROVEN-1-768x428.png 768w, https:\/\/improven.com\/wp-content\/uploads\/2025\/05\/HEADER-NL-IMPROVEN-1-1536x855.png 1536w, https:\/\/improven.com\/wp-content\/uploads\/2025\/05\/HEADER-NL-IMPROVEN-1-18x10.png 18w\" sizes=\"auto, (max-width: 1920px) 100vw, 1920px\" \/><\/figure>\n\n\n\n<div style=\"height:14px\" aria-hidden=\"true\" class=\"wp-block-spacer\"><\/div>\n\n\n\n<h2 class=\"wp-block-heading\"><strong>Quin tipus d'actuacions se subvencionen?<\/strong><\/h2>\n\n\n\n<ul class=\"wp-block-list\">\n<li>Contractaci\u00f3 de serveis de consultoria especialitzada en internacionalitzaci\u00f3.<\/li>\n\n\n\n<li>Participaci\u00f3 en fires internacionals i missions comercials.<\/li>\n\n\n\n<li>Registre de marques, certificacions i homologacions internacionals.<\/li>\n\n\n\n<li>Incorporaci\u00f3n de personal t\u00e9cnico en comercio exterior y marketing digital.<\/li>\n<\/ul>\n\n\n\n<div style=\"height:22px\" aria-hidden=\"true\" class=\"wp-block-spacer\"><\/div>\n\n\n\n<h2 class=\"wp-block-heading\"><strong>Termini de sol\u00b7licitud<\/strong><\/h2>\n\n\n\n<p>El termini per a presentar les sol\u00b7licituds estar\u00e0 obert <strong>des del 16 de maig fins al 20 de juny de 2025<\/strong>, i es realitza de manera telem\u00e0tica a trav\u00e9s de la seu electr\u00f2nica de l'IVACE.<\/p>\n\n\n\n<p>Des de Improven, t'animem a aprofitar aquesta oportunitat \u00fanica per a dissenyar una estrat\u00e8gia s\u00f2lida d'internacionalitzaci\u00f3. Si necessites acompanyament per a presentar la sol\u00b7licitud o definir el teu pla d'acci\u00f3 internacional, som aqu\u00ed per a ajudar-te.<\/p>\n\n\n\n<div style=\"height:13px\" aria-hidden=\"true\" class=\"wp-block-spacer\"><\/div>\n\n\n\n<div class=\"wp-block-buttons is-content-justification-center is-layout-flex wp-container-core-buttons-is-layout-16018d1d wp-block-buttons-is-layout-flex\">\n<div class=\"wp-block-button has-custom-width wp-block-button__width-50\"><a class=\"wp-block-button__link has-white-color has-text-color has-background has-link-color has-small-font-size has-custom-font-size wp-element-button\" href=\"https:\/\/www.ivace.es\/index.php\/es\/ayudas\/internacional\/654-internacional\/ayudas-a-la-internacionalizacion-2025\/56839-subvenciones-para-apoyar-la-estrategia-y-accion-internacional-de-las-pymes-de-la-cv-2025\" style=\"background-color:#0f4c81\" target=\"_blank\" rel=\"noreferrer noopener\"><strong>Sol\u00b7licitar ajuda<\/strong><\/a><\/div>\n<\/div>\n\n\n\n<div style=\"height:13px\" aria-hidden=\"true\" class=\"wp-block-spacer\"><\/div>\n\n\n\n<p><strong>M\u00e9s informaci\u00f3<\/strong> sobre les subvencions d'internacionalitzaci\u00f3 per a pimes de la CV <strong>en la web oficial de l'IVACE<\/strong>. <a href=\"https:\/\/www.ivace.es\/index.php\/es\/ayudas\/internacional\/654-internacional\/ayudas-a-la-internacionalizacion-2025\/56839-subvenciones-para-apoyar-la-estrategia-y-accion-internacional-de-las-pymes-de-la-cv-2025\" target=\"_blank\" rel=\"noreferrer noopener\">Consulta aqu\u00ed tots els detalls de la convocat\u00f2ria<\/a><\/p>","protected":false},"excerpt":{"rendered":"<p>\u00bfTu empresa est\u00e1 lista para dar el salto al mercado internacional? \u00a1Nuevas subvenciones para la internacionalizaci\u00f3n de las pymes de la CV! El IVACE (Instituto Valenciano de Competitividad Empresarial) ha lanzado una nueva l\u00ednea de subvenciones para 2025, dirigida a impulsar la estrategia y acci\u00f3n internacional de las peque\u00f1as y medianas empresas de la Comunidad [&hellip;]<\/p>","protected":false},"author":42,"featured_media":15244,"comment_status":"closed","ping_status":"closed","sticky":false,"template":"","format":"standard","meta":{"_acf_changed":false,"footnotes":""},"categories":[32],"tags":[],"class_list":["post-15242","post","type-post","status-publish","format-standard","has-post-thumbnail","hentry","category-actualidad"],"acf":[],"yoast_head":"<!-- This site is optimized with the Yoast SEO plugin v21.2 - https:\/\/yoast.com\/wordpress\/plugins\/seo\/ -->\n<title>Subvenciones IVACE 2025 para internacionalizar pymes de la CV<\/title>\n<meta name=\"description\" content=\"Descubre las nuevas ayudas IVACE 2025 para impulsar la internacionalizaci\u00f3n de las pymes valencianas. Hasta 40.000\u20ac en subvenciones.\" \/>\n<meta name=\"robots\" content=\"index, follow, max-snippet:-1, max-image-preview:large, max-video-preview:-1\" \/>\n<link rel=\"canonical\" href=\"https:\/\/improven.com\/cat\/actualitat\/subvencionis-internacionalitzacio-pimes-cv-ivace\/\" \/>\n<meta property=\"og:locale\" content=\"ca_ES\" \/>\n<meta property=\"og:type\" content=\"article\" \/>\n<meta property=\"og:title\" content=\"Subvenciones IVACE 2025 para internacionalizar pymes de la CV\" \/>\n<meta property=\"og:description\" content=\"Descubre las nuevas ayudas IVACE 2025 para impulsar la internacionalizaci\u00f3n de las pymes valencianas. Hasta 40.000\u20ac en subvenciones.\" \/>\n<meta property=\"og:url\" content=\"https:\/\/improven.com\/cat\/actualitat\/subvencionis-internacionalitzacio-pimes-cv-ivace\/\" \/>\n<meta property=\"og:site_name\" content=\"Improven\" \/>\n<meta property=\"article:published_time\" content=\"2025-05-20T13:13:41+00:00\" \/>\n<meta property=\"article:modified_time\" content=\"2025-06-18T08:20:29+00:00\" \/>\n<meta property=\"og:image\" content=\"https:\/\/improven.com\/wp-content\/uploads\/2025\/05\/Improven-en-los-medios-1.jpg\" \/>\n\t<meta property=\"og:image:width\" content=\"1200\" \/>\n\t<meta property=\"og:image:height\" content=\"522\" \/>\n\t<meta property=\"og:image:type\" content=\"image\/jpeg\" \/>\n<meta name=\"author\" content=\"Georgina Gilabert\" \/>\n<meta name=\"twitter:card\" content=\"summary_large_image\" \/>\n<meta name=\"twitter:label1\" content=\"Escrit per\" \/>\n\t<meta name=\"twitter:data1\" content=\"Georgina Gilabert\" \/>\n\t<meta name=\"twitter:label2\" content=\"Temps estimat de lectura\" \/>\n\t<meta name=\"twitter:data2\" content=\"2 minuts\" \/>\n<script type=\"application\/ld+json\" class=\"yoast-schema-graph\">{\"@context\":\"https:\/\/schema.org\",\"@graph\":[{\"@type\":\"WebPage\",\"@id\":\"https:\/\/improven.com\/cat\/actualitat\/subvencionis-internacionalitzacio-pimes-cv-ivace\/\",\"url\":\"https:\/\/improven.com\/cat\/actualitat\/subvencionis-internacionalitzacio-pimes-cv-ivace\/\",\"name\":\"Subvenciones IVACE 2025 para internacionalizar pymes de la CV\",\"isPartOf\":{\"@id\":\"https:\/\/improven.com\/cat\/#website\"},\"datePublished\":\"2025-05-20T13:13:41+00:00\",\"dateModified\":\"2025-06-18T08:20:29+00:00\",\"author\":{\"@id\":\"https:\/\/improven.com\/cat\/#\/schema\/person\/33eee5d30654f3e6507d8514f5b7e21b\"},\"description\":\"Descubre las nuevas ayudas IVACE 2025 para impulsar la internacionalizaci\u00f3n de las pymes valencianas. Hasta 40.000\u20ac en subvenciones.\",\"inLanguage\":\"ca\",\"potentialAction\":[{\"@type\":\"ReadAction\",\"target\":[\"https:\/\/improven.com\/cat\/actualitat\/subvencionis-internacionalitzacio-pimes-cv-ivace\/\"]}]},{\"@type\":\"WebSite\",\"@id\":\"https:\/\/improven.com\/cat\/#website\",\"url\":\"https:\/\/improven.com\/cat\/\",\"name\":\"Improven\",\"description\":\"\",\"potentialAction\":[{\"@type\":\"SearchAction\",\"target\":{\"@type\":\"EntryPoint\",\"urlTemplate\":\"https:\/\/improven.com\/cat\/?s={search_term_string}\"},\"query-input\":\"required name=search_term_string\"}],\"inLanguage\":\"ca\"},{\"@type\":\"Person\",\"@id\":\"https:\/\/improven.com\/cat\/#\/schema\/person\/33eee5d30654f3e6507d8514f5b7e21b\",\"name\":\"Georgina Gilabert\",\"image\":{\"@type\":\"ImageObject\",\"inLanguage\":\"ca\",\"@id\":\"https:\/\/improven.com\/cat\/#\/schema\/person\/image\/\",\"url\":\"https:\/\/secure.gravatar.com\/avatar\/9019463c4c6d047f739a67cb15fa0a1f0858a6eafcecfb17193326b52b632192?s=96&d=mm&r=g\",\"contentUrl\":\"https:\/\/secure.gravatar.com\/avatar\/9019463c4c6d047f739a67cb15fa0a1f0858a6eafcecfb17193326b52b632192?s=96&d=mm&r=g\",\"caption\":\"Georgina Gilabert\"},\"url\":\"https:\/\/improven.com\/cat\/author\/georgina\/\"}]}<\/script>\n<!-- \/ Yoast SEO plugin. -->","yoast_head_json":{"title":"Subvenciones IVACE 2025 para internacionalizar pymes de la CV","description":"Descubre las nuevas ayudas IVACE 2025 para impulsar la internacionalizaci\u00f3n de las pymes valencianas. Hasta 40.000\u20ac en subvenciones.","robots":{"index":"index","follow":"follow","max-snippet":"max-snippet:-1","max-image-preview":"max-image-preview:large","max-video-preview":"max-video-preview:-1"},"canonical":"https:\/\/improven.com\/cat\/actualitat\/subvencionis-internacionalitzacio-pimes-cv-ivace\/","og_locale":"ca_ES","og_type":"article","og_title":"Subvenciones IVACE 2025 para internacionalizar pymes de la CV","og_description":"Descubre las nuevas ayudas IVACE 2025 para impulsar la internacionalizaci\u00f3n de las pymes valencianas. Hasta 40.000\u20ac en subvenciones.","og_url":"https:\/\/improven.com\/cat\/actualitat\/subvencionis-internacionalitzacio-pimes-cv-ivace\/","og_site_name":"Improven","article_published_time":"2025-05-20T13:13:41+00:00","article_modified_time":"2025-06-18T08:20:29+00:00","og_image":[{"width":1200,"height":522,"url":"https:\/\/improven.com\/wp-content\/uploads\/2025\/05\/Improven-en-los-medios-1.jpg","type":"image\/jpeg"}],"author":"Georgina Gilabert","twitter_card":"summary_large_image","twitter_misc":{"Escrit per":"Georgina Gilabert","Temps estimat de lectura":"2 minuts"},"schema":{"@context":"https:\/\/schema.org","@graph":[{"@type":"WebPage","@id":"https:\/\/improven.com\/cat\/actualitat\/subvencionis-internacionalitzacio-pimes-cv-ivace\/","url":"https:\/\/improven.com\/cat\/actualitat\/subvencionis-internacionalitzacio-pimes-cv-ivace\/","name":"Subvenciones IVACE 2025 para internacionalizar pymes de la CV","isPartOf":{"@id":"https:\/\/improven.com\/cat\/#website"},"datePublished":"2025-05-20T13:13:41+00:00","dateModified":"2025-06-18T08:20:29+00:00","author":{"@id":"https:\/\/improven.com\/cat\/#\/schema\/person\/33eee5d30654f3e6507d8514f5b7e21b"},"description":"Descubre las nuevas ayudas IVACE 2025 para impulsar la internacionalizaci\u00f3n de las pymes valencianas. Hasta 40.000\u20ac en subvenciones.","inLanguage":"ca","potentialAction":[{"@type":"ReadAction","target":["https:\/\/improven.com\/cat\/actualitat\/subvencionis-internacionalitzacio-pimes-cv-ivace\/"]}]},{"@type":"WebSite","@id":"https:\/\/improven.com\/cat\/#website","url":"https:\/\/improven.com\/cat\/","name":"Improven","description":"","potentialAction":[{"@type":"SearchAction","target":{"@type":"EntryPoint","urlTemplate":"https:\/\/improven.com\/cat\/?s={search_term_string}"},"query-input":"required name=search_term_string"}],"inLanguage":"ca"},{"@type":"Person","@id":"https:\/\/improven.com\/cat\/#\/schema\/person\/33eee5d30654f3e6507d8514f5b7e21b","name":"Georgina Gilabert","image":{"@type":"ImageObject","inLanguage":"ca","@id":"https:\/\/improven.com\/cat\/#\/schema\/person\/image\/","url":"https:\/\/secure.gravatar.com\/avatar\/9019463c4c6d047f739a67cb15fa0a1f0858a6eafcecfb17193326b52b632192?s=96&d=mm&r=g","contentUrl":"https:\/\/secure.gravatar.com\/avatar\/9019463c4c6d047f739a67cb15fa0a1f0858a6eafcecfb17193326b52b632192?s=96&d=mm&r=g","caption":"Georgina Gilabert"},"url":"https:\/\/improven.com\/cat\/author\/georgina\/"}]}},"_links":{"self":[{"href":"https:\/\/improven.com\/cat\/wp-json\/wp\/v2\/posts\/15242","targetHints":{"allow":["GET"]}}],"collection":[{"href":"https:\/\/improven.com\/cat\/wp-json\/wp\/v2\/posts"}],"about":[{"href":"https:\/\/improven.com\/cat\/wp-json\/wp\/v2\/types\/post"}],"author":[{"embeddable":true,"href":"https:\/\/improven.com\/cat\/wp-json\/wp\/v2\/users\/42"}],"replies":[{"embeddable":true,"href":"https:\/\/improven.com\/cat\/wp-json\/wp\/v2\/comments?post=15242"}],"version-history":[{"count":0,"href":"https:\/\/improven.com\/cat\/wp-json\/wp\/v2\/posts\/15242\/revisions"}],"wp:featuredmedia":[{"embeddable":true,"href":"https:\/\/improven.com\/cat\/wp-json\/wp\/v2\/media\/15244"}],"wp:attachment":[{"href":"https:\/\/improven.com\/cat\/wp-json\/wp\/v2\/media?parent=15242"}],"wp:term":[{"taxonomy":"category","embeddable":true,"href":"https:\/\/improven.com\/cat\/wp-json\/wp\/v2\/categories?post=15242"},{"taxonomy":"post_tag","embeddable":true,"href":"https:\/\/improven.com\/cat\/wp-json\/wp\/v2\/tags?post=15242"}],"curies":[{"name":"wp","href":"https:\/\/api.w.org\/{rel}","templated":true}]}}