{"id":12189,"date":"2024-11-19T09:28:48","date_gmt":"2024-11-19T09:28:48","guid":{"rendered":"https:\/\/improven.com\/?p=12189"},"modified":"2025-06-17T14:30:11","modified_gmt":"2025-06-17T14:30:11","slug":"como-evitar-fuga-de-talento","status":"publish","type":"post","link":"https:\/\/improven.com\/cat\/cultura-i-talent\/com-evitar-fuga-de-talent\/","title":{"rendered":"Com evitar la fuga de talent en les organitzacions"},"content":{"rendered":"<p>La fuga de talent, \u00e9s un desafiament cr\u00edtic al qual s'enfronten les organitzacions en l'actualitat.<\/p>\n\n\n\n<p>Per qu\u00e8?&nbsp;<\/p>\n\n\n\n<p>En un entorn empresarial on la compet\u00e8ncia pel talent \u00e9s cada vegada m\u00e9s fero\u00e7, la <strong>fugida d'empleats<\/strong> clau es converteix en un desafiament cr\u00edtic per a les organitzacions. No sols est\u00e0 en joc la continu\u00eftat operativa, sin\u00f3 tamb\u00e9 la capacitat d'innovar, adaptar-se i cr\u00e9ixer.<\/p>\n\n\n\n<p>Aquest fenomen, que <strong>afecta tant a pimes com a grans corporacions, no distingeix fronteres ni sectors.<\/strong> No obstant aix\u00f2, identificar les causes darrere d'aquesta problem\u00e0tica i actuar de manera proactiva pot marcar la difer\u00e8ncia entre retenir als millors o perdre'ls enfront de la compet\u00e8ncia.<\/p>\n\n\n\n<p>En aquest article, explicarem <strong>qu\u00e8 impulsa als empleats a buscar noves oportunitats <\/strong>i, el m\u00e9s important, quines estrat\u00e8gies pots implementar per a construir un equip comprom\u00e8s, satisfet i motivat. Perqu\u00e8 en la carrera pel talent, prevenir sempre ser\u00e0 m\u00e9s rendible que remeiar. Acompanya'ns!<\/p>\n\n\n\n<p>Entendre les <strong>causes i aplicar estrat\u00e8gies efectives per a <a href=\"https:\/\/improven.com\/cat\/cultura-i-talent\/resultoria-fidelitza-talent-empresa-pla-polivalencia\/\">fidelitzar el talent de la teva empresa<\/a> <\/strong>\u00e9s m\u00e9s que necessari per a l'\u00e8xit sostenible de qualsevol empresa. I si tens cinc minuts, ens agradaria que ens acompanyessis per a veure com fer front a aquest problema cada vegada m\u00e9s com\u00fa en la xarxa empresarial espanyola (i no tan espanyola).<\/p>\n\n\n\n<figure class=\"wp-block-image size-full is-resized\"><img loading=\"lazy\" decoding=\"async\" width=\"800\" height=\"350\" src=\"https:\/\/improven.com\/wp-content\/uploads\/2024\/11\/2-min-3.jpg\" alt=\"Com evitar la fuga de talent en les organitzacions\" class=\"wp-image-12190\" style=\"object-fit:cover;width:800px;height:350px\" srcset=\"https:\/\/improven.com\/wp-content\/uploads\/2024\/11\/2-min-3.jpg 800w, https:\/\/improven.com\/wp-content\/uploads\/2024\/11\/2-min-3-300x131.jpg 300w, https:\/\/improven.com\/wp-content\/uploads\/2024\/11\/2-min-3-768x336.jpg 768w, https:\/\/improven.com\/wp-content\/uploads\/2024\/11\/2-min-3-18x8.jpg 18w\" sizes=\"auto, (max-width: 800px) 100vw, 800px\" \/><\/figure>\n\n\n\n<h2 class=\"wp-block-heading\">Qu\u00e8 \u00e9s la fuga de talent i com afecta a les empreses<\/h2>\n\n\n\n<p>Es refereix a la sortida d'empleats altament capacitats i valuosos d'una organitzaci\u00f3 cap a altres empreses o sectors. Aquest fenomen pot deure's a m\u00faltiples factors, com:<\/p>\n\n\n\n<ul class=\"wp-block-list\">\n<li><strong>Falta d'oportunitats de creixement i desenvolupament:<\/strong> Els empleats que no senten que poden avan\u00e7ar en la seva carrera professional o que les seves habilitats no es valoren poden buscar noves oportunitats.<\/li>\n\n\n\n<li><strong>Compensaci\u00f3 i beneficis insuficients<\/strong>: La falta d'una remuneraci\u00f3 competitiva o beneficis atractius enfront d'altres empreses pot motivar als empleats a anar-se.<\/li>\n\n\n\n<li><strong>Cultura organitzacional deficient<\/strong>: Un ambient laboral t\u00f2xic, falta de reconeixement, o una mala relaci\u00f3 amb la gesti\u00f3 poden generar insatisfacci\u00f3 i promoure la rotaci\u00f3.<\/li>\n\n\n\n<li><strong>Falta d'equilibri entre vida personal i laboral<\/strong>: La sobrec\u00e0rrega de treball, l'estr\u00e8s i la falta de flexibilitat poden portar als empleats a buscar un entorn m\u00e9s equilibrat.<\/li>\n\n\n\n<li><strong>Falta de lideratge efectiu<\/strong>: Els empleats valoren un lideratge clar, inspirador i que brindi suport. L'abs\u00e8ncia d'aquests factors pot fer que els empleats busquin millors entorns.<\/li>\n<\/ul>\n\n\n\n<p>La <strong>fuga de talent en Espanya <\/strong>ha estat i \u00e9s una preocupaci\u00f3 creixent, especialment en sectors especialitzats on la demanda de professionals qualificats supera l'oferta disponible.<\/p>\n\n\n\n<p>Les conseq\u00fc\u00e8ncies s\u00f3n significatives, s\u00ed. Per\u00f2, com evitem la fuga de cervells?Necessites assessorar-te en la <a href=\"https:\/\/improven.com\/cat\/cultura-y-talento\/\">gesti\u00f3 de talent hum\u00e0<\/a>?<\/p>\n\n\n\n<p>La p\u00e8rdua de personal clau implica una disminuci\u00f3 del coneixement intern, afecta la moral de l'equip i pot resultar en una disminuci\u00f3 de la productivitat. A m\u00e9s, no oblidem que, <strong>reempla\u00e7ar a empleats experimentats comporta costos addicionals en processos de selecci\u00f3, formaci\u00f3 i adaptaci\u00f3, <\/strong>el que impacta negativament en la rendibilitat de l'empresa, i a m\u00e9s comporta molt temps.&nbsp;<\/p>\n\n\n\n<figure class=\"wp-block-image size-full is-resized\"><img loading=\"lazy\" decoding=\"async\" width=\"800\" height=\"350\" src=\"https:\/\/improven.com\/wp-content\/uploads\/2024\/11\/1-min-3.jpg\" alt=\"Principals causes de la fuga de talent en les organitzacions\" class=\"wp-image-12191\" style=\"object-fit:cover;width:800px;height:350px\" srcset=\"https:\/\/improven.com\/wp-content\/uploads\/2024\/11\/1-min-3.jpg 800w, https:\/\/improven.com\/wp-content\/uploads\/2024\/11\/1-min-3-300x131.jpg 300w, https:\/\/improven.com\/wp-content\/uploads\/2024\/11\/1-min-3-768x336.jpg 768w, https:\/\/improven.com\/wp-content\/uploads\/2024\/11\/1-min-3-18x8.jpg 18w\" sizes=\"auto, (max-width: 800px) 100vw, 800px\" \/><\/figure>\n\n\n\n<h2 class=\"wp-block-heading\">Principals causes de la fuga de talent en les organitzacions<\/h2>\n\n\n\n<p>Identificar les raons darrere de la<strong> fuga de talent \u00e9s fonamental per a implementar mesures preventives efectives. <\/strong>Sabries recon\u00e8ixer-les? Aqu\u00ed et compartim algunes de les m\u00e9s comunes:<\/p>\n\n\n\n<p>Un enfocament integral per a impulsar el comprom\u00eds i la retenci\u00f3 del talent comen\u00e7a amb la creaci\u00f3 de rutes clares de desenvolupament professional dins de l'organitzaci\u00f3. Oferir<strong> oportunitats d'ascens<\/strong> i nous reptes a mesura que els empleats adquireixen habilitats i experi\u00e8ncia fomenta un sentit de progr\u00e9s. Complementar aix\u00f2 amb acc\u00e9s a programes de formaci\u00f3, certificacions i mentories assegura un creixement continu i sostenible.<\/p>\n\n\n\n<p>Aix\u00ed mateix, mantenir una compensaci\u00f3 i beneficis competitius \u00e9s crucial. Els estudis de mercat peri\u00f2dics permeten <strong>ajustar els salaris <\/strong>segons les tend\u00e8ncies de la ind\u00fastria i les habilitats dels empleats. Oferir beneficis addicionals, com a segurs de salut, plans de jubilaci\u00f3, bonificacions per acompliment i programes de benestar, refor\u00e7a l'atractiu de l'empresa. A m\u00e9s, implementar sistemes d'incentius tant a curt com a llarg termini premia la innovaci\u00f3 i l'esfor\u00e7 destacat.<\/p>\n\n\n\n<p>La flexibilitat laboral \u00e9s un altre pilar fonamental per a respondre a les necessitats actuals de <strong>equilibri entre la vida personal i laboral.<\/strong> Pol\u00edtiques com a horaris flexibles, teletreball o setmanes laborals comprimides permeten als empleats gestionar millor les seves responsabilitats, la qual cosa repercuteix positivament en la seva satisfacci\u00f3 i <a href=\"https:\/\/improven.com\/cat\/processos\/consultor-de-processos-com-millorar-productivitat-empresa\/\">millorar la productivitat.<\/a><\/p>\n\n\n\n<p>Un sistema de reconeixement s\u00f2lid tamb\u00e9 contribueix a un ambient laboral positiu. Valorar tant l'acompliment individual com el col\u00b7lectiu a trav\u00e9s de <strong>premis, esments, agra\u00efments p\u00fablics <\/strong>i notes de reconeixement fomenta el sentit de pertinen\u00e7a. Una cultura organitzacional que incorpori l'agra\u00efment i la retroalimentaci\u00f3 positiva com a pr\u00e0ctiques quotidianes enforteix els lla\u00e7os entre els equips.<\/p>\n\n\n\n<p>El <strong>benestar f\u00edsic i emocional <\/strong>dels empleats no pot ser passat per alt. Iniciatives com a programes de benestar, tallers de gesti\u00f3 de l'estr\u00e8s, acc\u00e9s a gimnasos i assist\u00e8ncia psicol\u00f2gica s\u00f3n essencials per a promoure un entorn saludable i equilibrat.<\/p>\n\n\n\n<p>Un <strong>lideratge efectiu <\/strong>\u00e9s clau per a gestionar equips de manera reeixida. Capacitar als l\u00edders en empatia, escolta activa i inspiraci\u00f3 millora la connexi\u00f3 amb els equips, promovent un ambient de confian\u00e7a i comunicaci\u00f3 oberta. Aix\u00f2 permet als empleats expressar les seves idees, preocupacions i suggeriments sense barreres.<\/p>\n\n\n\n<p>La <strong>cultura organitzacional<\/strong> ha de ser inclusiva, col\u00b7laborativa i basada en valors clars. Els empleats necessiten sentir-se part d'una cosa m\u00e9s gran, valorats per les seves contribucions i recolzats en el seu entorn de treball. Quan els valors de l'empresa s'alineen amb les expectatives dels empleats, es genera un fort sentit de prop\u00f2sit.<\/p>\n\n\n\n<p>Implementar sistemes de <strong>retroalimentaci\u00f3 cont\u00ednua i enquestes peri\u00f2diques<\/strong> ajuda a mesurar la satisfacci\u00f3 i el benestar del personal. Escoltar i actuar sobre els comentaris rebuts no sols refor\u00e7a la confian\u00e7a, sin\u00f3 que tamb\u00e9 identifica \u00e0rees de millora en la gesti\u00f3 organitzacional.<\/p>\n\n\n\n<p>Finalment, \u00e9s important desenvolupar <strong>plans de retenci\u00f3 personalitzats per al talent clau. <\/strong>Oferir contractes a llarg termini, promocions anticipades i bons especials assegura que els empleats m\u00e9s valuosos romanguin compromesos amb els objectius de l'empresa.<\/p>\n\n\n\n<p>Aquesta combinaci\u00f3 d'estrat\u00e8gies consolida un <strong>entorn laboral atractiu, equilibrat i orientat al creixement,<\/strong> posicionant a l'organitzaci\u00f3 com un lloc en el qual el talent no sols vol quedar-se, sin\u00f3 tamb\u00e9 prosperar.<\/p>\n\n\n\n<figure class=\"wp-block-image size-full is-resized\"><img loading=\"lazy\" decoding=\"async\" width=\"800\" height=\"350\" src=\"https:\/\/improven.com\/wp-content\/uploads\/2024\/11\/3-min-3.jpg\" alt=\"mecanismos podemos utilizar para detectar la fuga de talento \" class=\"wp-image-12192\" style=\"object-fit:cover;width:800px;height:350px\" srcset=\"https:\/\/improven.com\/wp-content\/uploads\/2024\/11\/3-min-3.jpg 800w, https:\/\/improven.com\/wp-content\/uploads\/2024\/11\/3-min-3-300x131.jpg 300w, https:\/\/improven.com\/wp-content\/uploads\/2024\/11\/3-min-3-768x336.jpg 768w, https:\/\/improven.com\/wp-content\/uploads\/2024\/11\/3-min-3-18x8.jpg 18w\" sizes=\"auto, (max-width: 800px) 100vw, 800px\" \/><\/figure>\n\n\n\n<h2 class=\"wp-block-heading\">Quins mecanismes podem utilitzar per a detectar la fuga de talent en la nostra Empresa?<\/h2>\n\n\n\n<p>Detectar la fuga de talent de manera oportuna \u00e9s essencial per a implementar accions preventives que enforteixin la <strong>retenci\u00f3 i el comprom\u00eds de l'equip.<\/strong> Una estrat\u00e8gia efectiva comen\u00e7a amb enquestes de satisfacci\u00f3 i clima organitzacional, dissenyades per a mesurar el nivell de satisfacci\u00f3, el comprom\u00eds dels empleats i les \u00e0rees de millora. Aquestes enquestes poden incloure preguntes sobre percepcions de desenvolupament professional i benestar dins de l'empresa.<\/p>\n\n\n\n<p>L'an\u00e0lisi de <strong>rotaci\u00f3 de personal <\/strong>\u00e9s un altre component clau, ja que permet monitorar taxes de rotaci\u00f3, especialment en rols cr\u00edtics. Les entrevistes de sortida ofereixen una visi\u00f3 profunda de les raons darrere de les partides i ajuden a identificar patrons recurrents.&nbsp;<\/p>\n\n\n\n<p>Complementariament, les<strong> entrevistes \u00abstay\u00bb o reunions un a un<\/strong> permeten avaluar regularment el nivell de comprom\u00eds dels empleats clau, les seves inquietuds i aspiracions. Aquestes converses obertes ofereixen una oportunitat per a preguntar directament sobre la seva intenci\u00f3 de quedar-se en l'organitzaci\u00f3.<\/p>\n\n\n\n<p>El monitoratge d'<strong>indicadors d'acompliment i productivitat tamb\u00e9 \u00e9s crucial.<\/strong> Canvis en el rendiment, l'actitud o el nivell de participaci\u00f3 social poden ser senyals primerencs de desmotivaci\u00f3. A aix\u00f2 se suma l'an\u00e0lisi de patrons de absentisme injustificat o excessiu, que pot reflectir insatisfacci\u00f3 o desinter\u00e8s.<\/p>\n\n\n\n<p>Les enquestes de pols s\u00f3n una <strong>eina \u00e0gil i poderosa per a mesurar el comprom\u00eds en temps real.<\/strong> Realitzades peri\u00f2dicament, permeten identificar problemes emergents i prendre decisions r\u00e0pides abans que es converteixin en un factor cr\u00edtic.&nbsp;<\/p>\n\n\n\n<p>Paral\u00b7lelament, \u00e9s important<strong> monitorar les tend\u00e8ncies del mercat laboral i les ofertes externes per a identificar si els empleats clau<\/strong> estan sent atrets per competidors, i realitzar una an\u00e0lisi comparativa de beneficis i condicions laborals.<\/p>\n\n\n\n<p>Els <strong>l\u00edders d'equip juguen un rol vital <\/strong>en aquest proc\u00e9s, ja que estan en contacte directe amb els empleats. Per aix\u00f2, han d'estar capacitats per a identificar signes de desmotivaci\u00f3 i falta de comprom\u00eds. Una <strong>cultura de retroalimentaci\u00f3 constant<\/strong> i oberta els permet abordar problemes abans que escalin.<\/p>\n\n\n\n<p>Finalment, la <strong>revisi\u00f3 de projectes de desenvolupament professional assegura que els empleats tinguin acc\u00e9s a capacitaci\u00f3, desenvolupament i promoci\u00f3. <\/strong>La falta d'aquestes oportunitats pot desencadenar desmotivaci\u00f3. Escoltar les expectatives de creixement dels empleats i avaluar si les oportunitats dins de l'empresa s'alineen amb elles \u00e9s essencial per a enfortir el seu comprom\u00eds.<\/p>\n\n\n\n<p>Aquests mecanismes han d'integrar-se en una <strong>cultura organitzacional basada en la confian\u00e7a, el benestar i el desenvolupament dels empleats. <\/strong>Nom\u00e9s aix\u00ed es podr\u00e0 crear un entorn on el talent no sols romangui, sin\u00f3 prosperi.<\/p>\n\n\n\n<figure class=\"wp-block-image size-full is-resized\"><img loading=\"lazy\" decoding=\"async\" width=\"800\" height=\"350\" src=\"https:\/\/improven.com\/wp-content\/uploads\/2024\/11\/5-min-1.jpg\" alt=\"Avantatges d&#039;evitar la fuga de talent\" class=\"wp-image-12193\" style=\"object-fit:cover;width:800px;height:350px\" srcset=\"https:\/\/improven.com\/wp-content\/uploads\/2024\/11\/5-min-1.jpg 800w, https:\/\/improven.com\/wp-content\/uploads\/2024\/11\/5-min-1-300x131.jpg 300w, https:\/\/improven.com\/wp-content\/uploads\/2024\/11\/5-min-1-768x336.jpg 768w, https:\/\/improven.com\/wp-content\/uploads\/2024\/11\/5-min-1-18x8.jpg 18w\" sizes=\"auto, (max-width: 800px) 100vw, 800px\" \/><\/figure>\n\n\n\n<h2 class=\"wp-block-heading\">Avantatges d'evitar la fuga de talent<\/h2>\n\n\n\n<p>Evitar la fuga de talents en una organitzaci\u00f3 t\u00e9 m\u00faltiples<strong> avantatges que impacten tant en el clima organitzacional com en els resultats empresarials<\/strong>. Aqu\u00ed algunes de les principals:<\/p>\n\n\n\n<ol class=\"wp-block-list\">\n<li><strong>Reducci\u00f3 de costos de contractaci\u00f3 i formaci\u00f3<\/strong>:&nbsp;<\/li>\n<\/ol>\n\n\n\n<p>La fuga de talents genera un cicle constant de reclutament, selecci\u00f3 i capacitaci\u00f3 de nous empleats, la qual cosa implica una inversi\u00f3 considerable de temps i recursos. Mantenir al talent redueix aquests costos.<\/p>\n\n\n\n<ol start=\"2\" class=\"wp-block-list\">\n<li><strong>Major productivitat<\/strong>:&nbsp;<\/li>\n<\/ol>\n\n\n\n<p>Els empleats amb experi\u00e8ncia i coneixement de l'empresa s\u00f3n m\u00e9s eficients i productius. La retenci\u00f3 de talent permet que els equips continu\u00efn desenvolupant les seves habilitats, la qual cosa millora el rendiment general.<\/p>\n\n\n\n<ol start=\"3\" class=\"wp-block-list\">\n<li><strong>Millora del clima laboral<\/strong>:&nbsp;<\/li>\n<\/ol>\n\n\n\n<p>L'estabilitat en els equips fomenta un ambient de confian\u00e7a i cohesi\u00f3. Els empleats que se senten valorats i assegurances en els seus llocs s\u00f3n m\u00e9s propensos a col\u00b7laborar i aportar a l'\u00e8xit com\u00fa.<\/p>\n\n\n\n<ol start=\"4\" class=\"wp-block-list\">\n<li><strong>Fidelitzaci\u00f3 de clients<\/strong>:&nbsp;<\/li>\n<\/ol>\n\n\n\n<p>Un equip estable, amb experi\u00e8ncia i coneixement profund dels productes o serveis, contribueix a una millor relaci\u00f3 amb els clients, la qual cosa pot traduir-se en una major satisfacci\u00f3 i lleialtat.<\/p>\n\n\n\n<ol start=\"5\" class=\"wp-block-list\">\n<li><strong>Enfortiment de la cultura organitzacional<\/strong>:&nbsp;<\/li>\n<\/ol>\n\n\n\n<p>La retenci\u00f3 d'empleats clau ajuda a mantenir i consolidar la cultura empresarial. Els empleats amb m\u00e9s temps en l'organitzaci\u00f3 actuen com a ambaixadors dels valors i principis que defineixen l'empresa.<\/p>\n\n\n\n<ol start=\"6\" class=\"wp-block-list\">\n<li><strong>Menor interrupci\u00f3 en projectes a llarg termini<\/strong>:&nbsp;<\/li>\n<\/ol>\n\n\n\n<p>La fuga de talent pot afectar la continu\u00eftat de projectes importants. Mantenir als col\u00b7laboradors redueix el risc d'interrupcions i assegura que les iniciatives estrat\u00e8giques es duguin a terme amb \u00e8xit.<\/p>\n\n\n\n<ol start=\"7\" class=\"wp-block-list\">\n<li><strong>Augment de la innovaci\u00f3<\/strong>:&nbsp;<\/li>\n<\/ol>\n\n\n\n<p>Els empleats amb experi\u00e8ncia i familiaritat amb els processos interns tenen una millor capacitat per a proposar millores i innovacions, ja que entenen millor les necessitats de l'organitzaci\u00f3 i els seus clients.<\/p>\n\n\n\n<ol start=\"8\" class=\"wp-block-list\">\n<li><strong>Millor lideratge i mentoria<\/strong>:&nbsp;<\/li>\n<\/ol>\n\n\n\n<p>Els empleats amb major temps en l'empresa poden assumir rols de lideratge i mentoria, ajudant a integrar i desenvolupar a nous empleats, la qual cosa contribueix a un creixement m\u00e9s org\u00e0nic i eficient de l'organitzaci\u00f3.<\/p>\n\n\n\n<ol start=\"9\" class=\"wp-block-list\">\n<li><strong>Posicionament com a ocupador atractiu<\/strong>:<\/li>\n<\/ol>\n\n\n\n<p>Les empreses que aconsegueixen retenir talent s\u00f3n vistes com a llocs ideals per a treballar, la qual cosa al seu torn atreu a m\u00e9s talent de qualitat. Aix\u00f2 millora la competitivitat en el mercat.<\/p>\n\n\n\n<p>Per tant, recomanem <strong>combinar una cultura d'innovaci\u00f3, oportunitats de desenvolupament professional, compensaci\u00f3 competitiva i beneficis socials <\/strong>per a crear un entorn de treball altament atractiu sempre sense oblidar l'exig\u00e8ncia i responsabilitat que es requereix.&nbsp;<\/p>\n\n\n\n<h2 class=\"wp-block-heading\">Quines s\u00f3n les principals conclusions de com evitar la fuga de talent?<\/h2>\n\n\n\n<p>En conclusi\u00f3, la fuga de talent \u00e9s un repte actual que pot impactar greument en l'estabilitat i creixement d'una empresa. No obstant aix\u00f2, amb una aproximaci\u00f3 <strong>estrat\u00e8gica<\/strong> que involucri el <strong>desenvolupament<\/strong> <strong>continu<\/strong>, el <strong>reconeixement<\/strong>, el <strong>benestar<\/strong> dels <strong>col\u00b7laboradors<\/strong>, i un <strong>lideratge efectiu<\/strong>, les organitzacions poden mitigar aquest fenomen i fomentar un ambient en el qual els empleats no sols desitgin quedar-se, sin\u00f3 que tamb\u00e9 es converteixin en <strong>ambaixadors<\/strong> de la <strong>cultura<\/strong> <strong>empresarial<\/strong>.<\/p>\n\n\n\n<p>El <strong>\u00e8xit a llarg termini<\/strong> dep\u00e9n de la <strong>capacitat de les empreses<\/strong> per a adaptar-se a les necessitats canviants del seu personal i crear un entorn on el talent se senti valorat i motivat a cr\u00e9ixer juntament amb l'empresa.<\/p>","protected":false},"excerpt":{"rendered":"<p>La fuga de talento, es un desaf\u00edo cr\u00edtico al que se enfrentan las organizaciones en la actualidad. \u00bfPor qu\u00e9?&nbsp; En un entorno empresarial donde la competencia por el talento es cada vez m\u00e1s feroz, la fuga de empleados clave se convierte en un desaf\u00edo cr\u00edtico para las organizaciones. No solo est\u00e1 en juego la continuidad [&hellip;]<\/p>","protected":false},"author":33,"featured_media":12195,"comment_status":"closed","ping_status":"closed","sticky":false,"template":"","format":"standard","meta":{"_acf_changed":false,"footnotes":""},"categories":[131,33],"tags":[],"class_list":["post-12189","post","type-post","status-publish","format-standard","has-post-thumbnail","hentry","category-articulo","category-cultura-y-talento"],"acf":[],"yoast_head":"<!-- This site is optimized with the Yoast SEO plugin v21.2 - https:\/\/yoast.com\/wordpress\/plugins\/seo\/ -->\n<title>C\u00f3mo evitar la fuga de talento en las organizaciones | Improven<\/title>\n<meta name=\"description\" content=\"Descubre c\u00f3mo evitar la fuga de talento en las organizaciones. Te contamos las causas y te damos los mecanismos para lidiar con esto.\" \/>\n<meta name=\"robots\" content=\"index, follow, max-snippet:-1, max-image-preview:large, max-video-preview:-1\" \/>\n<link rel=\"canonical\" href=\"https:\/\/improven.com\/cat\/cultura-i-talent\/com-evitar-fuga-de-talent\/\" \/>\n<meta property=\"og:locale\" content=\"ca_ES\" \/>\n<meta property=\"og:type\" content=\"article\" \/>\n<meta property=\"og:title\" content=\"C\u00f3mo evitar la fuga de talento en las organizaciones | Improven\" \/>\n<meta property=\"og:description\" content=\"Descubre c\u00f3mo evitar la fuga de talento en las organizaciones. Te contamos las causas y te damos los mecanismos para lidiar con esto.\" \/>\n<meta property=\"og:url\" content=\"https:\/\/improven.com\/cat\/cultura-i-talent\/com-evitar-fuga-de-talent\/\" \/>\n<meta property=\"og:site_name\" content=\"Improven\" \/>\n<meta property=\"article:published_time\" content=\"2024-11-19T09:28:48+00:00\" \/>\n<meta property=\"article:modified_time\" content=\"2025-06-17T14:30:11+00:00\" \/>\n<meta property=\"og:image\" content=\"https:\/\/improven.com\/wp-content\/uploads\/2024\/11\/PB-imagen-destacada-improven-12-min.png\" \/>\n\t<meta property=\"og:image:width\" content=\"1200\" \/>\n\t<meta property=\"og:image:height\" content=\"522\" \/>\n\t<meta property=\"og:image:type\" content=\"image\/png\" \/>\n<meta name=\"author\" content=\"Estefania Ferreyra\" \/>\n<meta name=\"twitter:card\" content=\"summary_large_image\" \/>\n<meta name=\"twitter:label1\" content=\"Escrit per\" \/>\n\t<meta name=\"twitter:data1\" content=\"Estefania Ferreyra\" \/>\n\t<meta name=\"twitter:label2\" content=\"Temps estimat de lectura\" \/>\n\t<meta name=\"twitter:data2\" content=\"10 minuts\" \/>\n<script type=\"application\/ld+json\" class=\"yoast-schema-graph\">{\"@context\":\"https:\/\/schema.org\",\"@graph\":[{\"@type\":\"WebPage\",\"@id\":\"https:\/\/improven.com\/cat\/cultura-i-talent\/com-evitar-fuga-de-talent\/\",\"url\":\"https:\/\/improven.com\/cat\/cultura-i-talent\/com-evitar-fuga-de-talent\/\",\"name\":\"C\u00f3mo evitar la fuga de talento en las organizaciones | Improven\",\"isPartOf\":{\"@id\":\"https:\/\/improven.com\/cat\/#website\"},\"datePublished\":\"2024-11-19T09:28:48+00:00\",\"dateModified\":\"2025-06-17T14:30:11+00:00\",\"author\":{\"@id\":\"https:\/\/improven.com\/cat\/#\/schema\/person\/4b903e07bc09d2dd94c4fdcbef39bada\"},\"description\":\"Descubre c\u00f3mo evitar la fuga de talento en las organizaciones. Te contamos las causas y te damos los mecanismos para lidiar con esto.\",\"inLanguage\":\"ca\",\"potentialAction\":[{\"@type\":\"ReadAction\",\"target\":[\"https:\/\/improven.com\/cat\/cultura-i-talent\/com-evitar-fuga-de-talent\/\"]}]},{\"@type\":\"WebSite\",\"@id\":\"https:\/\/improven.com\/cat\/#website\",\"url\":\"https:\/\/improven.com\/cat\/\",\"name\":\"Improven\",\"description\":\"\",\"potentialAction\":[{\"@type\":\"SearchAction\",\"target\":{\"@type\":\"EntryPoint\",\"urlTemplate\":\"https:\/\/improven.com\/cat\/?s={search_term_string}\"},\"query-input\":\"required name=search_term_string\"}],\"inLanguage\":\"ca\"},{\"@type\":\"Person\",\"@id\":\"https:\/\/improven.com\/cat\/#\/schema\/person\/4b903e07bc09d2dd94c4fdcbef39bada\",\"name\":\"Estefania Ferreyra\",\"image\":{\"@type\":\"ImageObject\",\"inLanguage\":\"ca\",\"@id\":\"https:\/\/improven.com\/cat\/#\/schema\/person\/image\/\",\"url\":\"https:\/\/secure.gravatar.com\/avatar\/33109a58a358ee4194c5f5c42269084f7b93c5a0835d9d98deb67e1480ba25af?s=96&d=mm&r=g\",\"contentUrl\":\"https:\/\/secure.gravatar.com\/avatar\/33109a58a358ee4194c5f5c42269084f7b93c5a0835d9d98deb67e1480ba25af?s=96&d=mm&r=g\",\"caption\":\"Estefania Ferreyra\"},\"url\":\"https:\/\/improven.com\/cat\/author\/estefaniaimprovenokisam-com\/\"}]}<\/script>\n<!-- \/ Yoast SEO plugin. -->","yoast_head_json":{"title":"C\u00f3mo evitar la fuga de talento en las organizaciones | Improven","description":"Descubre c\u00f3mo evitar la fuga de talento en las organizaciones. Te contamos las causas y te damos los mecanismos para lidiar con esto.","robots":{"index":"index","follow":"follow","max-snippet":"max-snippet:-1","max-image-preview":"max-image-preview:large","max-video-preview":"max-video-preview:-1"},"canonical":"https:\/\/improven.com\/cat\/cultura-i-talent\/com-evitar-fuga-de-talent\/","og_locale":"ca_ES","og_type":"article","og_title":"C\u00f3mo evitar la fuga de talento en las organizaciones | Improven","og_description":"Descubre c\u00f3mo evitar la fuga de talento en las organizaciones. Te contamos las causas y te damos los mecanismos para lidiar con esto.","og_url":"https:\/\/improven.com\/cat\/cultura-i-talent\/com-evitar-fuga-de-talent\/","og_site_name":"Improven","article_published_time":"2024-11-19T09:28:48+00:00","article_modified_time":"2025-06-17T14:30:11+00:00","og_image":[{"width":1200,"height":522,"url":"https:\/\/improven.com\/wp-content\/uploads\/2024\/11\/PB-imagen-destacada-improven-12-min.png","type":"image\/png"}],"author":"Estefania Ferreyra","twitter_card":"summary_large_image","twitter_misc":{"Escrit per":"Estefania Ferreyra","Temps estimat de lectura":"10 minuts"},"schema":{"@context":"https:\/\/schema.org","@graph":[{"@type":"WebPage","@id":"https:\/\/improven.com\/cat\/cultura-i-talent\/com-evitar-fuga-de-talent\/","url":"https:\/\/improven.com\/cat\/cultura-i-talent\/com-evitar-fuga-de-talent\/","name":"C\u00f3mo evitar la fuga de talento en las organizaciones | Improven","isPartOf":{"@id":"https:\/\/improven.com\/cat\/#website"},"datePublished":"2024-11-19T09:28:48+00:00","dateModified":"2025-06-17T14:30:11+00:00","author":{"@id":"https:\/\/improven.com\/cat\/#\/schema\/person\/4b903e07bc09d2dd94c4fdcbef39bada"},"description":"Descubre c\u00f3mo evitar la fuga de talento en las organizaciones. Te contamos las causas y te damos los mecanismos para lidiar con esto.","inLanguage":"ca","potentialAction":[{"@type":"ReadAction","target":["https:\/\/improven.com\/cat\/cultura-i-talent\/com-evitar-fuga-de-talent\/"]}]},{"@type":"WebSite","@id":"https:\/\/improven.com\/cat\/#website","url":"https:\/\/improven.com\/cat\/","name":"Improven","description":"","potentialAction":[{"@type":"SearchAction","target":{"@type":"EntryPoint","urlTemplate":"https:\/\/improven.com\/cat\/?s={search_term_string}"},"query-input":"required name=search_term_string"}],"inLanguage":"ca"},{"@type":"Person","@id":"https:\/\/improven.com\/cat\/#\/schema\/person\/4b903e07bc09d2dd94c4fdcbef39bada","name":"Estefania Ferreyra","image":{"@type":"ImageObject","inLanguage":"ca","@id":"https:\/\/improven.com\/cat\/#\/schema\/person\/image\/","url":"https:\/\/secure.gravatar.com\/avatar\/33109a58a358ee4194c5f5c42269084f7b93c5a0835d9d98deb67e1480ba25af?s=96&d=mm&r=g","contentUrl":"https:\/\/secure.gravatar.com\/avatar\/33109a58a358ee4194c5f5c42269084f7b93c5a0835d9d98deb67e1480ba25af?s=96&d=mm&r=g","caption":"Estefania Ferreyra"},"url":"https:\/\/improven.com\/cat\/author\/estefaniaimprovenokisam-com\/"}]}},"_links":{"self":[{"href":"https:\/\/improven.com\/cat\/wp-json\/wp\/v2\/posts\/12189","targetHints":{"allow":["GET"]}}],"collection":[{"href":"https:\/\/improven.com\/cat\/wp-json\/wp\/v2\/posts"}],"about":[{"href":"https:\/\/improven.com\/cat\/wp-json\/wp\/v2\/types\/post"}],"author":[{"embeddable":true,"href":"https:\/\/improven.com\/cat\/wp-json\/wp\/v2\/users\/33"}],"replies":[{"embeddable":true,"href":"https:\/\/improven.com\/cat\/wp-json\/wp\/v2\/comments?post=12189"}],"version-history":[{"count":0,"href":"https:\/\/improven.com\/cat\/wp-json\/wp\/v2\/posts\/12189\/revisions"}],"wp:featuredmedia":[{"embeddable":true,"href":"https:\/\/improven.com\/cat\/wp-json\/wp\/v2\/media\/12195"}],"wp:attachment":[{"href":"https:\/\/improven.com\/cat\/wp-json\/wp\/v2\/media?parent=12189"}],"wp:term":[{"taxonomy":"category","embeddable":true,"href":"https:\/\/improven.com\/cat\/wp-json\/wp\/v2\/categories?post=12189"},{"taxonomy":"post_tag","embeddable":true,"href":"https:\/\/improven.com\/cat\/wp-json\/wp\/v2\/tags?post=12189"}],"curies":[{"name":"wp","href":"https:\/\/api.w.org\/{rel}","templated":true}]}}