{"id":11462,"date":"2024-09-30T10:55:39","date_gmt":"2024-09-30T10:55:39","guid":{"rendered":"https:\/\/improven.com\/?p=11462"},"modified":"2025-06-18T10:10:55","modified_gmt":"2025-06-18T10:10:55","slug":"la-gestion-digital-como-piedra-angular-de-la-competitividad-empresarial","status":"publish","type":"post","link":"https:\/\/improven.com\/cat\/transformacion-digital\/la-gestio-digital-com-a-pedra-angular-de-la-competitivitat-empresarial\/","title":{"rendered":"La gesti\u00f3 digital com a pedra angular de la competitivitat empresarial"},"content":{"rendered":"<figure class=\"wp-block-embed is-type-video is-provider-youtube wp-block-embed-youtube wp-embed-aspect-16-9 wp-has-aspect-ratio\"><div class=\"wp-block-embed__wrapper\">\n<iframe loading=\"lazy\" title=\"Harvard Deusto Impulsa - Gesti\u00f3n Digital: una transformaci\u00f3n imprescindible\" width=\"800\" height=\"450\" src=\"https:\/\/www.youtube.com\/embed\/wQOsqhVNZK0?feature=oembed\" frameborder=\"0\" allow=\"accelerometer; autoplay; clipboard-write; encrypted-media; gyroscope; picture-in-picture; web-share\" referrerpolicy=\"strict-origin-when-cross-origin\" allowfullscreen><\/iframe>\n<\/div><figcaption class=\"wp-element-caption\">Jornada completa<\/figcaption><\/figure>\n\n\n\n<p>L'esdeveniment organitzat per Improven i Harvard Deusto sota el t\u00edtol \u00ab<strong>Gesti\u00f3 Digital: una transformaci\u00f3 imprescindible<\/strong>\u00bb ha reunido a algunos de los mayores expertos en transformaci\u00f3n digital. Se han compartido sus perspectivas sobre c\u00f3mo las empresas deben adaptarse para seguir siendo competitivas en la era digital.<\/p>\n\n\n\n<p>La sessi\u00f3, dedicada a les claus de la transformaci\u00f3 digital, s'ha realitzat en <a href=\"https:\/\/www.linkedin.com\/company\/roca-madrid-gallery\/\">Roca Madrid Gallery<\/a>. Ha tenido como invitados al director general de la <a href=\"https:\/\/www.linkedin.com\/company\/grupo-social-once\/\">ONCE<\/a>, al president de <a href=\"https:\/\/www.linkedin.com\/company\/danosa\/\">Danosa<\/a> y al CIO de <a href=\"https:\/\/www.linkedin.com\/company\/berg-\/\">Berg\u00e9<\/a>. De parte de Improven, al socio Director, Sergio Gordillo, y al gerente de la zona, Ricardo Garc\u00eda.<\/p>\n\n\n\n<p><a href=\"https:\/\/www.linkedin.com\/in\/lluisaserrallach\/\"><strong>Llu\u00efsa Serrallach<\/strong><\/a>, directora de negocio de Harvard Deusto, ha moderado una reveladora mesa de debate en la que ha puesto de manifiesto la importancia tanto de las personas como de los datos a la hora de afrontar la digitalizaci\u00f3n de las organizaciones. En este sentido, se ha hecho patente la necesidad de concienciar, motivar e implicar a los empleados para facilitar el cambio cultural. Adem\u00e1s, se ha remarcado la importancia de garantizar una buena gobernanza de los datos para que las decisiones se tomen en base a informaci\u00f3n fiable.<\/p>\n\n\n\n<p>Como ha apuntat <a href=\"https:\/\/www.linkedin.com\/in\/sergio-gordillo-martinez-excelencia-estrategia-empresarial\/\" target=\"_blank\" rel=\"noreferrer noopener\"><strong>Sergio Gordillo<\/strong><\/a>, socio director de Improven, la gesti\u00f3n digital \u201ces un marat\u00f3n eterno\u201d. Siempre hay que tener presentes el corto, el medio y el largo plazo, algo que muchas empresas no tienen suficientemente sistematizado. En el contexto actual, en el que todo se ha acelerado, se trata de \u201c<strong>decidir r\u00e0pid, aprendre r\u00e0pid\u2026 i fallar r\u00e0pid i barat<\/strong>\u201d.<\/p>\n\n\n\n<div style=\"height:20px\" aria-hidden=\"true\" class=\"wp-block-spacer\"><\/div>\n\n\n\n<figure class=\"wp-block-gallery has-nested-images columns-default is-cropped wp-block-gallery-1 is-layout-flex wp-block-gallery-is-layout-flex\">\n<figure class=\"wp-block-image size-large\"><img loading=\"lazy\" decoding=\"async\" width=\"1024\" height=\"684\" data-id=\"11463\" src=\"https:\/\/improven.com\/wp-content\/uploads\/2024\/09\/2024-09-26-18.00.55-1024x684.jpg\" alt=\"gesti\u00f3n digital - sergio gordillo\" class=\"wp-image-11463\" srcset=\"https:\/\/improven.com\/wp-content\/uploads\/2024\/09\/2024-09-26-18.00.55-1024x684.jpg 1024w, https:\/\/improven.com\/wp-content\/uploads\/2024\/09\/2024-09-26-18.00.55-300x200.jpg 300w, https:\/\/improven.com\/wp-content\/uploads\/2024\/09\/2024-09-26-18.00.55-768x513.jpg 768w, https:\/\/improven.com\/wp-content\/uploads\/2024\/09\/2024-09-26-18.00.55-1536x1027.jpg 1536w, https:\/\/improven.com\/wp-content\/uploads\/2024\/09\/2024-09-26-18.00.55-18x12.jpg 18w, https:\/\/improven.com\/wp-content\/uploads\/2024\/09\/2024-09-26-18.00.55.jpg 1616w\" sizes=\"auto, (max-width: 1024px) 100vw, 1024px\" \/><\/figure>\n\n\n\n<figure class=\"wp-block-image size-large\"><img loading=\"lazy\" decoding=\"async\" width=\"683\" height=\"1024\" data-id=\"11466\" src=\"https:\/\/improven.com\/wp-content\/uploads\/2024\/09\/Fotos-Harvard-Dusto-Roca-Gallert-Madrid-Charla-Digitalizacion-24-@Sergioalbert_021-683x1024.jpg\" alt=\"gesti\u00f3n digital - sergio gordillo\" class=\"wp-image-11466\" srcset=\"https:\/\/improven.com\/wp-content\/uploads\/2024\/09\/Fotos-Harvard-Dusto-Roca-Gallert-Madrid-Charla-Digitalizacion-24-@Sergioalbert_021-683x1024.jpg 683w, https:\/\/improven.com\/wp-content\/uploads\/2024\/09\/Fotos-Harvard-Dusto-Roca-Gallert-Madrid-Charla-Digitalizacion-24-@Sergioalbert_021-200x300.jpg 200w, https:\/\/improven.com\/wp-content\/uploads\/2024\/09\/Fotos-Harvard-Dusto-Roca-Gallert-Madrid-Charla-Digitalizacion-24-@Sergioalbert_021-768x1152.jpg 768w, https:\/\/improven.com\/wp-content\/uploads\/2024\/09\/Fotos-Harvard-Dusto-Roca-Gallert-Madrid-Charla-Digitalizacion-24-@Sergioalbert_021-1024x1536.jpg 1024w, https:\/\/improven.com\/wp-content\/uploads\/2024\/09\/Fotos-Harvard-Dusto-Roca-Gallert-Madrid-Charla-Digitalizacion-24-@Sergioalbert_021-1365x2048.jpg 1365w, https:\/\/improven.com\/wp-content\/uploads\/2024\/09\/Fotos-Harvard-Dusto-Roca-Gallert-Madrid-Charla-Digitalizacion-24-@Sergioalbert_021-8x12.jpg 8w, https:\/\/improven.com\/wp-content\/uploads\/2024\/09\/Fotos-Harvard-Dusto-Roca-Gallert-Madrid-Charla-Digitalizacion-24-@Sergioalbert_021-scaled.jpg 1707w\" sizes=\"auto, (max-width: 683px) 100vw, 683px\" \/><\/figure>\n\n\n\n<figure class=\"wp-block-image size-large\"><img loading=\"lazy\" decoding=\"async\" width=\"683\" height=\"1024\" data-id=\"11464\" src=\"https:\/\/improven.com\/wp-content\/uploads\/2024\/09\/Fotos-Harvard-Dusto-Roca-Gallert-Madrid-Charla-Digitalizacion-24-@Sergioalbert_028-683x1024.jpg\" alt=\"gesti\u00f3n digital - sergio gordillo\" class=\"wp-image-11464\" srcset=\"https:\/\/improven.com\/wp-content\/uploads\/2024\/09\/Fotos-Harvard-Dusto-Roca-Gallert-Madrid-Charla-Digitalizacion-24-@Sergioalbert_028-683x1024.jpg 683w, https:\/\/improven.com\/wp-content\/uploads\/2024\/09\/Fotos-Harvard-Dusto-Roca-Gallert-Madrid-Charla-Digitalizacion-24-@Sergioalbert_028-200x300.jpg 200w, https:\/\/improven.com\/wp-content\/uploads\/2024\/09\/Fotos-Harvard-Dusto-Roca-Gallert-Madrid-Charla-Digitalizacion-24-@Sergioalbert_028-768x1152.jpg 768w, https:\/\/improven.com\/wp-content\/uploads\/2024\/09\/Fotos-Harvard-Dusto-Roca-Gallert-Madrid-Charla-Digitalizacion-24-@Sergioalbert_028-1024x1536.jpg 1024w, https:\/\/improven.com\/wp-content\/uploads\/2024\/09\/Fotos-Harvard-Dusto-Roca-Gallert-Madrid-Charla-Digitalizacion-24-@Sergioalbert_028-1365x2048.jpg 1365w, https:\/\/improven.com\/wp-content\/uploads\/2024\/09\/Fotos-Harvard-Dusto-Roca-Gallert-Madrid-Charla-Digitalizacion-24-@Sergioalbert_028-8x12.jpg 8w, https:\/\/improven.com\/wp-content\/uploads\/2024\/09\/Fotos-Harvard-Dusto-Roca-Gallert-Madrid-Charla-Digitalizacion-24-@Sergioalbert_028-scaled.jpg 1707w\" sizes=\"auto, (max-width: 683px) 100vw, 683px\" \/><\/figure>\n<\/figure>\n\n\n\n<div style=\"height:20px\" aria-hidden=\"true\" class=\"wp-block-spacer\"><\/div>\n\n\n\n<p>En Improven, creiem que \u00ables persones, amb un prop\u00f2sit, transformen el que fan per a servir millor. Si no hi ha persones que comparteixin un prop\u00f2sit, no hi ha res a transformar. O guanyem grand\u00e0ria o ser\u00e0 dif\u00edcil la governan\u00e7a de les dades per a prendre decisions\u00bb. Aquesta ha estat l'aportaci\u00f3 final de Gordillo en la seva pon\u00e8ncia titulada <em>Reptes de la transformaci\u00f3<\/em>. Llavors, per qu\u00e8 no <a href=\"https:\/\/improven.com\/cat\/contacte\/\" target=\"_blank\" rel=\"noreferrer noopener\">comen\u00e7em<\/a>?<\/p>\n\n\n\n<div style=\"height:15px\" aria-hidden=\"true\" class=\"wp-block-spacer\"><\/div>\n\n\n\n<h2 class=\"wp-block-heading\">Tecnologia al servei de les persones<\/h2>\n\n\n\n<p>En un pa\u00eds com Espanya, on viuen m\u00e9s de 4,5 milions de persones amb alguna mena de discapacitat, <strong>\u00c1ngel S\u00e1nchez C\u00e1novas<\/strong>, director general de la ONCE, ha puesto el acento en la importancia de aprovechar la tecnolog\u00eda como una herramienta de inclusi\u00f3n. \u201cSin dejar a nadie atr\u00e1s\u201d. Y as\u00ed evitar que se convierta en una barrera de exclusi\u00f3n, como sucede cuando no se piensa \u201cen las personas diferentes\u201d.<\/p>\n\n\n\n<p>En este sentido, el directivo de la ONCE ha se\u00f1alado la importancia de la gesti\u00f3n digital, de desarrollar tecnolog\u00edas como los asistentes personales o la realidad aumentada para facilitar la integraci\u00f3n de muchos ciudadanos. Y ha a\u00f1adido que la digitalizaci\u00f3n va a permitir una relaci\u00f3n m\u00e1s personalizada con los clientes para responder mejor a sus necesidades.<\/p>\n\n\n\n<p>Pero, seg\u00fan este directivo, la digitalizaci\u00f3n tambi\u00e9n va a facilitar una \u201cmayor permeabilidad\u201d dentro de las empresas al eliminar barreras entre sus departamentos. Esto \u201cnos permitir\u00e1 a todos hablar del bosque y no del \u00e1rbol\u201d. Es una idea en la que tambi\u00e9n ha profundizado Sergio Gordillo. \u201cLa digitalizaci\u00f3n va ir liberando de tareas repetitivas, va a permitir que se tenga que aportar valor interaccionando con otros departamentos o con el cliente\u201d.<\/p>\n\n\n\n<p>Una de las principales aportaciones del evento ha sido la explicaci\u00f3n sobre c\u00f3mo la tecnolog\u00eda puede empoderar a las empresas para que sean m\u00e1s flexibles y adaptables ante el cambio. As\u00ed, pueden llegar a crear una ventaja competitiva sostenible. Sergio Gordillo ha destacado que \u201c<strong>la cultura empresarial ha de transformar-se en paral\u00b7lel, adoptant un enfocament col\u00b7laboratiu i din\u00e0mic que afavoreixi la r\u00e0pida adaptaci\u00f3 a les noves tecnologies<\/strong>\u00ab.<\/p>\n\n\n\n<p>I \u00e9s que, moltes vegades la millor manera de v\u00e8ncer les resist\u00e8ncies \u00e9s ser conscients dels beneficis del canvi. Com ha explicat <strong>Ricardo J. Garc\u00eda Qu\u00edlez<\/strong>, gerent de Improven, \u201c<strong>quan prenem consci\u00e8ncia del que guanyem adoptant aquestes noves maneres de fer, eliminem una barrera important<\/strong>\u201d.<\/p>\n\n\n\n<div style=\"height:15px\" aria-hidden=\"true\" class=\"wp-block-spacer\"><\/div>\n\n\n\n<figure class=\"wp-block-gallery has-nested-images columns-default is-cropped wp-block-gallery-2 is-layout-flex wp-block-gallery-is-layout-flex\">\n<figure class=\"wp-block-image size-large\"><img loading=\"lazy\" decoding=\"async\" width=\"1024\" height=\"684\" data-id=\"11468\" src=\"https:\/\/improven.com\/wp-content\/uploads\/2024\/09\/2024-09-26-18.55.42-1024x684.jpg\" alt=\"gesti\u00f3n digital - ricardo garc\u00eda\" class=\"wp-image-11468\" srcset=\"https:\/\/improven.com\/wp-content\/uploads\/2024\/09\/2024-09-26-18.55.42-1024x684.jpg 1024w, https:\/\/improven.com\/wp-content\/uploads\/2024\/09\/2024-09-26-18.55.42-300x200.jpg 300w, https:\/\/improven.com\/wp-content\/uploads\/2024\/09\/2024-09-26-18.55.42-768x513.jpg 768w, https:\/\/improven.com\/wp-content\/uploads\/2024\/09\/2024-09-26-18.55.42-1536x1027.jpg 1536w, https:\/\/improven.com\/wp-content\/uploads\/2024\/09\/2024-09-26-18.55.42-18x12.jpg 18w, https:\/\/improven.com\/wp-content\/uploads\/2024\/09\/2024-09-26-18.55.42.jpg 1616w\" sizes=\"auto, (max-width: 1024px) 100vw, 1024px\" \/><\/figure>\n\n\n\n<figure class=\"wp-block-image size-large\"><img loading=\"lazy\" decoding=\"async\" width=\"1024\" height=\"684\" data-id=\"11469\" src=\"https:\/\/improven.com\/wp-content\/uploads\/2024\/09\/2024-09-26-18.26.58-1024x684.jpg\" alt=\"gesti\u00f3n digital - ricardo garc\u00eda\" class=\"wp-image-11469\" srcset=\"https:\/\/improven.com\/wp-content\/uploads\/2024\/09\/2024-09-26-18.26.58-1024x684.jpg 1024w, https:\/\/improven.com\/wp-content\/uploads\/2024\/09\/2024-09-26-18.26.58-300x200.jpg 300w, https:\/\/improven.com\/wp-content\/uploads\/2024\/09\/2024-09-26-18.26.58-768x513.jpg 768w, https:\/\/improven.com\/wp-content\/uploads\/2024\/09\/2024-09-26-18.26.58-1536x1027.jpg 1536w, https:\/\/improven.com\/wp-content\/uploads\/2024\/09\/2024-09-26-18.26.58-18x12.jpg 18w, https:\/\/improven.com\/wp-content\/uploads\/2024\/09\/2024-09-26-18.26.58.jpg 1616w\" sizes=\"auto, (max-width: 1024px) 100vw, 1024px\" \/><\/figure>\n\n\n\n<figure class=\"wp-block-image size-large\"><img loading=\"lazy\" decoding=\"async\" width=\"1024\" height=\"684\" data-id=\"11473\" src=\"https:\/\/improven.com\/wp-content\/uploads\/2024\/09\/2024-09-26-18.56.11-1024x684.jpg\" alt=\"gesti\u00f3n digital - ricardo garc\u00eda\" class=\"wp-image-11473\" srcset=\"https:\/\/improven.com\/wp-content\/uploads\/2024\/09\/2024-09-26-18.56.11-1024x684.jpg 1024w, https:\/\/improven.com\/wp-content\/uploads\/2024\/09\/2024-09-26-18.56.11-300x200.jpg 300w, https:\/\/improven.com\/wp-content\/uploads\/2024\/09\/2024-09-26-18.56.11-768x513.jpg 768w, https:\/\/improven.com\/wp-content\/uploads\/2024\/09\/2024-09-26-18.56.11-1536x1027.jpg 1536w, https:\/\/improven.com\/wp-content\/uploads\/2024\/09\/2024-09-26-18.56.11-18x12.jpg 18w, https:\/\/improven.com\/wp-content\/uploads\/2024\/09\/2024-09-26-18.56.11.jpg 1616w\" sizes=\"auto, (max-width: 1024px) 100vw, 1024px\" \/><\/figure>\n<\/figure>\n\n\n\n<div style=\"height:15px\" aria-hidden=\"true\" class=\"wp-block-spacer\"><\/div>\n\n\n\n<h2 class=\"wp-block-heading\">El dif\u00edcil canvi cultural<\/h2>\n\n\n\n<p>Tots els participants han coincidit en les dificultats que provoca en el proc\u00e9s de digitalitzaci\u00f3 la resist\u00e8ncia al canvi en les organitzacions. <strong>Jos\u00e9 Antonio P\u00e9rez Quintero<\/strong>, CIO de Berg\u00e9, ha assenyalat que en empreses de sectors madurs un dels primers problemes \u00e9s \u201cel canvi cultural\u201d, ja que \u201csembla que tot s'ha fet de la mateixa manera tota la vida\u201d. Ricardo J. Garc\u00eda Qu\u00edlez, gerent de Improven, ha indicat que \u201cel gran repte de tota transformaci\u00f3 \u00e9s generar aquests canvis en les persones\u201d. I Manuel del Riu va recon\u00e8ixer que \u201cen la transformaci\u00f3 cultural hi ha vegades que et desesperes\u201d. De fet, Sergio Gordillo va ser molt taxatiu en aquest tema en afirmar que \u201c\u00e9s m\u00e9s f\u00e0cil crear que transformar\u201d.<\/p>\n\n\n\n<p>A la hora de afrontar ese cambio cultural, los participantes han ofrecido m\u00faltiples recomendaciones. \u00c1ngel S\u00e1nchez C\u00e1novas ha indicado que en la digitalizaci\u00f3n de la ONCE lo primero que tuvieron que hacer fue \u201ctransformar las ideas y las conciencias\u201d. As\u00ed rompieron la brecha digital, algo especialmente complicado en una organizaci\u00f3n donde el 88% de sus miembros son \u201cpersonas con otras capacidades\u201d. Y puso como ejemplo el cambio que supuso para los vendedores de la ONCE tanto la introducci\u00f3n en su momento de los dat\u00e1fonos como los posteriores servicios digitales que se han ido implementando. En lugar de imponer, la ONCE busc\u00f3 la complicidad de parte de sus vendedores m\u00e1s predispuestos al cambio, que actuaron como prescriptores ante el resto.<\/p>\n\n\n\n<p>Jos\u00e9 Antonio P\u00e9rez Quintero ha dejado claro que la implementaci\u00f3n de la tecnolog\u00eda debe estar al servicio de la estrategia y un \u201cbusiness plan\u201d. Y, ello, destacando tambi\u00e9n el papel de la alta direcci\u00f3n en un proceso que debe ir \u201cde arriba abajo, ya que no se puede transformar ninguna compa\u00f1\u00eda sin el impulso directo \u201cde los estamentos m\u00e1s altos\u201d.<\/p>\n\n\n\n<p>Por su parte, Manuel del R\u00edo ha explicado que en Danosa se cre\u00f3 un comit\u00e9 que se re\u00fane como m\u00ednimo una vez al mes para seleccionar e impulsar los proyectos de digitalizaci\u00f3n que se deben implantar en la empresa. Tambi\u00e9n ha destacado el papel de los \u201ckey users\u201d en este proceso transversal de transformaci\u00f3n, responsables de la implementaci\u00f3n de los diferentes programas, \u201csus embajadores\u201d. Adem\u00e1s, el presidente de Danosa ha recomendado formaci\u00f3n y la utilizaci\u00f3n de variables para incentivar los cambios.<\/p>\n\n\n\n<div style=\"height:19px\" aria-hidden=\"true\" class=\"wp-block-spacer\"><\/div>\n\n\n\n<figure class=\"wp-block-gallery has-nested-images columns-default is-cropped wp-block-gallery-3 is-layout-flex wp-block-gallery-is-layout-flex\">\n<figure class=\"wp-block-image size-large\"><img loading=\"lazy\" decoding=\"async\" width=\"1024\" height=\"684\" data-id=\"11471\" src=\"https:\/\/improven.com\/wp-content\/uploads\/2024\/09\/2024-09-26-18.39.45-1024x684.jpg\" alt=\"\" class=\"wp-image-11471\" srcset=\"https:\/\/improven.com\/wp-content\/uploads\/2024\/09\/2024-09-26-18.39.45-1024x684.jpg 1024w, https:\/\/improven.com\/wp-content\/uploads\/2024\/09\/2024-09-26-18.39.45-300x200.jpg 300w, https:\/\/improven.com\/wp-content\/uploads\/2024\/09\/2024-09-26-18.39.45-768x513.jpg 768w, https:\/\/improven.com\/wp-content\/uploads\/2024\/09\/2024-09-26-18.39.45-1536x1027.jpg 1536w, https:\/\/improven.com\/wp-content\/uploads\/2024\/09\/2024-09-26-18.39.45-18x12.jpg 18w, https:\/\/improven.com\/wp-content\/uploads\/2024\/09\/2024-09-26-18.39.45.jpg 1616w\" sizes=\"auto, (max-width: 1024px) 100vw, 1024px\" \/><\/figure>\n\n\n\n<figure class=\"wp-block-image size-large\"><img loading=\"lazy\" decoding=\"async\" width=\"1024\" height=\"684\" data-id=\"11470\" src=\"https:\/\/improven.com\/wp-content\/uploads\/2024\/09\/2024-09-26-18.47.42-1024x684.jpg\" alt=\"\" class=\"wp-image-11470\" srcset=\"https:\/\/improven.com\/wp-content\/uploads\/2024\/09\/2024-09-26-18.47.42-1024x684.jpg 1024w, https:\/\/improven.com\/wp-content\/uploads\/2024\/09\/2024-09-26-18.47.42-300x200.jpg 300w, https:\/\/improven.com\/wp-content\/uploads\/2024\/09\/2024-09-26-18.47.42-768x513.jpg 768w, https:\/\/improven.com\/wp-content\/uploads\/2024\/09\/2024-09-26-18.47.42-1536x1027.jpg 1536w, https:\/\/improven.com\/wp-content\/uploads\/2024\/09\/2024-09-26-18.47.42-18x12.jpg 18w, https:\/\/improven.com\/wp-content\/uploads\/2024\/09\/2024-09-26-18.47.42.jpg 1616w\" sizes=\"auto, (max-width: 1024px) 100vw, 1024px\" \/><\/figure>\n\n\n\n<figure class=\"wp-block-image size-large\"><img loading=\"lazy\" decoding=\"async\" width=\"1024\" height=\"684\" data-id=\"11472\" src=\"https:\/\/improven.com\/wp-content\/uploads\/2024\/09\/2024-09-26-18.54.47-1024x684.jpg\" alt=\"\" class=\"wp-image-11472\" srcset=\"https:\/\/improven.com\/wp-content\/uploads\/2024\/09\/2024-09-26-18.54.47-1024x684.jpg 1024w, https:\/\/improven.com\/wp-content\/uploads\/2024\/09\/2024-09-26-18.54.47-300x200.jpg 300w, https:\/\/improven.com\/wp-content\/uploads\/2024\/09\/2024-09-26-18.54.47-768x513.jpg 768w, https:\/\/improven.com\/wp-content\/uploads\/2024\/09\/2024-09-26-18.54.47-1536x1027.jpg 1536w, https:\/\/improven.com\/wp-content\/uploads\/2024\/09\/2024-09-26-18.54.47-18x12.jpg 18w, https:\/\/improven.com\/wp-content\/uploads\/2024\/09\/2024-09-26-18.54.47.jpg 1616w\" sizes=\"auto, (max-width: 1024px) 100vw, 1024px\" \/><\/figure>\n<\/figure>\n\n\n\n<div style=\"height:20px\" aria-hidden=\"true\" class=\"wp-block-spacer\"><\/div>\n\n\n\n<h2 class=\"wp-block-heading\">La qualitat de les dades<\/h2>\n\n\n\n<p>Otra cuesti\u00f3n en la que han incidido todos los ponentes ha sido la importancia de los datos y su gobernanza en todo el proceso de gesti\u00f3n y transformaci\u00f3n digital.<\/p>\n\n\n\n<p>Sergio Gordillo ha recomanat no confondre \u201c<strong>dades<\/strong>\u201d amb \u201c<strong>informaci\u00f3<\/strong>\u201d, al igual que el director general de la ONCE, y ha destacado la necesidad de contar con informaci\u00f3n de calidad para evitar discrepancias en la toma de decisiones y el despilfarro de recursos. De hecho, Manuel del R\u00edo ha remarcado esta cuesti\u00f3n explicando que, en Danosa, \u201clas discusiones por la veracidad de los datos eran horrorosas\u201d.<\/p>\n\n\n\n<p>Jos\u00e9 Antonio P\u00e9rez Quintero ha afegit que la governan\u00e7a de la dada \u00e9s \u201cabsolutament fonamental\u201d per a aconseguir l'\u00e8xit, posant com a exemple les possibles discussions entre els membres d'un comit\u00e8 de direcci\u00f3 per discrep\u00e0ncies en la PNL, que es deuen \u201ca una desgobernanza absoluta de la dada, b\u00e9 sigui en la captura, en la transformaci\u00f3, en la cust\u00f2dia o en l'explotaci\u00f3\u201d.<\/p>\n\n\n\n<div style=\"height:19px\" aria-hidden=\"true\" class=\"wp-block-spacer\"><\/div>\n\n\n\n<h2 class=\"wp-block-heading\">Per tant, per on hem de comen\u00e7ar? El futur de les empreses \u00e9s digital<\/h2>\n\n\n\n<p>Aquest esdeveniment ens ha deixat clar que les empreses que no implementin estrat\u00e8gies de <strong>gesti\u00f3 digital<\/strong> veuran redu\u00efda la seva capacitat de competir en un mercat on la tecnologia \u00e9s el motor de la innovaci\u00f3.<\/p>\n\n\n\n<p>Els assistents s'han emportat un clar full de ruta sobre com abordar els reptes de la digitalitzaci\u00f3, des de l'automatitzaci\u00f3 fins a la personalitzaci\u00f3 del client, sempre amb una visi\u00f3 estrat\u00e8gica que combini tecnologia i persones. I tu, tamb\u00e9 pots fer-ho veient la jornada al complet <a href=\"https:\/\/www.youtube.com\/watch?v=wQOsqhVNZK0\" target=\"_blank\" rel=\"noreferrer noopener\">aqu\u00ed<\/a>.<\/p>\n\n\n\n<p>En un m\u00f3n on la tecnologia evoluciona a gran velocitat, la transformaci\u00f3 digital s'ha convertit en el pilar sobre el qual es construeix el futur de les empreses. No es tracta nom\u00e9s d'adoptar noves eines, sin\u00f3 <strong>d'integrar la tecnologia en l'ADN de l'organitzaci\u00f3<\/strong> per a aprofitar al m\u00e0xim les oportunitats que ofereix l'entorn digital.<\/p>\n\n\n\n<p>Vols saber per on comen\u00e7ar a digitalitzar i a prendre millors decisions gr\u00e0cies a les dades?<a href=\"https:\/\/improven.com\/cat\/contacte\/\" target=\"_blank\" rel=\"noreferrer noopener\">Parlem<\/a>!<\/p>\n\n\n\n<div style=\"height:18px\" aria-hidden=\"true\" class=\"wp-block-spacer\"><\/div>\n\n\n\n<h2 class=\"wp-block-heading\">Reptes i recomanacions<\/h2>\n\n\n\n<p>A continuaci\u00f3n te dejamos las entrevistas que realizamos a los ponentes cont\u00e1ndonos su experiencia, sus retos en el sector o sus recomendaciones, dentro del concepto de gesti\u00f3n digital:<\/p>\n\n\n\n<div style=\"height:19px\" aria-hidden=\"true\" class=\"wp-block-spacer\"><\/div>\n\n\n\n<p>Manuel del R\u00edo, President del Consell d'Administraci\u00f3 en <a href=\"https:\/\/www.danosa.com\/es-es\/\" rel=\"nofollow\">Danosa<\/a>.<\/p>\n\n\n\n<div style=\"height:15px\" aria-hidden=\"true\" class=\"wp-block-spacer\"><\/div>\n\n\n\n<figure class=\"wp-block-embed is-type-video is-provider-youtube wp-block-embed-youtube wp-embed-aspect-16-9 wp-has-aspect-ratio\"><div class=\"wp-block-embed__wrapper\">\n<iframe loading=\"lazy\" title=\"La transformaci\u00f3n digital es una necesidad vital. Presidente del Consejo de Administraci\u00f3n de Danosa\" width=\"800\" height=\"450\" src=\"https:\/\/www.youtube.com\/embed\/hKzMos7grwA?feature=oembed\" frameborder=\"0\" allow=\"accelerometer; autoplay; clipboard-write; encrypted-media; gyroscope; picture-in-picture; web-share\" referrerpolicy=\"strict-origin-when-cross-origin\" allowfullscreen><\/iframe>\n<\/div><\/figure>\n\n\n\n<p>Jos\u00e9 Antonio P\u00e9rez, CIO de <a href=\"https:\/\/bergelogistics.com\/\" rel=\"nofollow\">Berg\u00e9<\/a>.<\/p>\n\n\n\n<div style=\"height:15px\" aria-hidden=\"true\" class=\"wp-block-spacer\"><\/div>\n\n\n\n<figure class=\"wp-block-embed is-type-video is-provider-youtube wp-block-embed-youtube wp-embed-aspect-16-9 wp-has-aspect-ratio\"><div class=\"wp-block-embed__wrapper\">\n<iframe loading=\"lazy\" title=\"La importancia de tener una buena estructura y anal\u00edtica de datos, Jos\u00e9 Antonio P\u00e9rez, CIO de Berg\u00e9\" width=\"800\" height=\"450\" src=\"https:\/\/www.youtube.com\/embed\/NpbDK7yGM80?feature=oembed\" frameborder=\"0\" allow=\"accelerometer; autoplay; clipboard-write; encrypted-media; gyroscope; picture-in-picture; web-share\" referrerpolicy=\"strict-origin-when-cross-origin\" allowfullscreen><\/iframe>\n<\/div><\/figure>\n\n\n\n<p>\u00c1ngel C\u00e1novas, Director General i conseller de la <a href=\"https:\/\/www.once.es\/\" rel=\"nofollow\">ONCE<\/a>.<\/p>\n\n\n\n<div style=\"height:15px\" aria-hidden=\"true\" class=\"wp-block-spacer\"><\/div>\n\n\n\n<figure class=\"wp-block-embed is-type-video is-provider-youtube wp-block-embed-youtube wp-embed-aspect-16-9 wp-has-aspect-ratio\"><div class=\"wp-block-embed__wrapper\">\n<iframe loading=\"lazy\" title=\"\u00bfC\u00f3mo ha ayudado la tecnolog\u00eda a una empresa como la ONCE? \u00c1ngel C\u00e1novas, Director General\" width=\"800\" height=\"450\" src=\"https:\/\/www.youtube.com\/embed\/dMtn3aqg0FM?feature=oembed\" frameborder=\"0\" allow=\"accelerometer; autoplay; clipboard-write; encrypted-media; gyroscope; picture-in-picture; web-share\" referrerpolicy=\"strict-origin-when-cross-origin\" allowfullscreen><\/iframe>\n<\/div><\/figure>\n\n\n\n<div style=\"height:15px\" aria-hidden=\"true\" class=\"wp-block-spacer\"><\/div>\n\n\n\n<h2 class=\"wp-block-heading\">Pon\u00e8ncies individuals<\/h2>\n\n\n\n<figure class=\"wp-block-embed is-type-video is-provider-youtube wp-block-embed-youtube wp-embed-aspect-16-9 wp-has-aspect-ratio\"><div class=\"wp-block-embed__wrapper\">\n<iframe loading=\"lazy\" title=\"Sergio Gordillo - socio director de Improven\" width=\"800\" height=\"450\" src=\"https:\/\/www.youtube.com\/embed\/11JzOlzwiTQ?feature=oembed\" frameborder=\"0\" allow=\"accelerometer; autoplay; clipboard-write; encrypted-media; gyroscope; picture-in-picture; web-share\" referrerpolicy=\"strict-origin-when-cross-origin\" allowfullscreen><\/iframe>\n<\/div><\/figure>\n\n\n\n<figure class=\"wp-block-embed is-type-video is-provider-youtube wp-block-embed-youtube wp-embed-aspect-16-9 wp-has-aspect-ratio\"><div class=\"wp-block-embed__wrapper\">\n<iframe loading=\"lazy\" title=\"Ricardo J. Garc\u00eda Qu\u00edlez - gerente en Improven\" width=\"800\" height=\"450\" src=\"https:\/\/www.youtube.com\/embed\/Ya4bbqYei-Y?feature=oembed\" frameborder=\"0\" allow=\"accelerometer; autoplay; clipboard-write; encrypted-media; gyroscope; picture-in-picture; web-share\" referrerpolicy=\"strict-origin-when-cross-origin\" allowfullscreen><\/iframe>\n<\/div><\/figure>\n\n\n\n<figure class=\"wp-block-embed is-type-video is-provider-youtube wp-block-embed-youtube wp-embed-aspect-16-9 wp-has-aspect-ratio\"><div class=\"wp-block-embed__wrapper\">\n<iframe loading=\"lazy\" title=\"Jos\u00e9 Antonio P\u00e9rez Quintero - Chief Information Officer en BERG\u00c9\" width=\"800\" height=\"450\" src=\"https:\/\/www.youtube.com\/embed\/HRztR9b8sx0?feature=oembed\" frameborder=\"0\" allow=\"accelerometer; autoplay; clipboard-write; encrypted-media; gyroscope; picture-in-picture; web-share\" referrerpolicy=\"strict-origin-when-cross-origin\" allowfullscreen><\/iframe>\n<\/div><\/figure>\n\n\n\n<figure class=\"wp-block-embed is-type-video is-provider-youtube wp-block-embed-youtube wp-embed-aspect-16-9 wp-has-aspect-ratio\"><div class=\"wp-block-embed__wrapper\">\n<iframe loading=\"lazy\" title=\"Manuel del Rio - presidente del consejo de administraci\u00f3n en Danosa\" width=\"800\" height=\"450\" src=\"https:\/\/www.youtube.com\/embed\/Zx0hi0GG9Ps?feature=oembed\" frameborder=\"0\" allow=\"accelerometer; autoplay; clipboard-write; encrypted-media; gyroscope; picture-in-picture; web-share\" referrerpolicy=\"strict-origin-when-cross-origin\" allowfullscreen><\/iframe>\n<\/div><\/figure>\n\n\n\n<figure class=\"wp-block-embed is-type-video is-provider-youtube wp-block-embed-youtube wp-embed-aspect-16-9 wp-has-aspect-ratio\"><div class=\"wp-block-embed__wrapper\">\n<iframe loading=\"lazy\" title=\"\u00c1ngel S\u00e1nchez C\u00e1novas - director general y consejero de la ONCE\" width=\"800\" height=\"450\" src=\"https:\/\/www.youtube.com\/embed\/5398ip4YMwg?feature=oembed\" frameborder=\"0\" allow=\"accelerometer; autoplay; clipboard-write; encrypted-media; gyroscope; picture-in-picture; web-share\" referrerpolicy=\"strict-origin-when-cross-origin\" allowfullscreen><\/iframe>\n<\/div><\/figure>","protected":false},"excerpt":{"rendered":"<p>El evento organizado por Improven y Harvard Deusto bajo el t\u00edtulo \u00abGesti\u00f3n Digital: una transformaci\u00f3n imprescindible\u00bb ha reunido a algunos de los mayores expertos en transformaci\u00f3n digital. Se han compartido sus perspectivas sobre c\u00f3mo las empresas deben adaptarse para seguir siendo competitivas en la era digital. La sesi\u00f3n, dedicada a las claves de la transformaci\u00f3n [&hellip;]<\/p>","protected":false},"author":26,"featured_media":11474,"comment_status":"closed","ping_status":"closed","sticky":false,"template":"","format":"standard","meta":{"_acf_changed":false,"footnotes":""},"categories":[32,33,34,25],"tags":[],"class_list":["post-11462","post","type-post","status-publish","format-standard","has-post-thumbnail","hentry","category-actualidad","category-cultura-y-talento","category-estrategia","category-transformacion-digital"],"acf":[],"yoast_head":"<!-- This site is optimized with the Yoast SEO plugin v21.2 - https:\/\/yoast.com\/wordpress\/plugins\/seo\/ -->\n<title>La gesti\u00f3n digital como piedra angular de la competitividad empresarial - Improven<\/title>\n<meta name=\"description\" content=\"\u00bfC\u00f3mo puede afectar la gesti\u00f3n digital en las empresas? Compa\u00f1\u00edas como la ONCE, Berg\u00e9 y Danosa, aportan su visi\u00f3n\" \/>\n<meta name=\"robots\" content=\"index, follow, max-snippet:-1, max-image-preview:large, max-video-preview:-1\" \/>\n<link rel=\"canonical\" href=\"https:\/\/improven.com\/cat\/transformacion-digital\/la-gestio-digital-com-a-pedra-angular-de-la-competitivitat-empresarial\/\" \/>\n<meta property=\"og:locale\" content=\"ca_ES\" \/>\n<meta property=\"og:type\" content=\"article\" \/>\n<meta property=\"og:title\" content=\"La gesti\u00f3n digital como piedra angular de la competitividad empresarial - Improven\" \/>\n<meta property=\"og:description\" content=\"\u00bfC\u00f3mo puede afectar la gesti\u00f3n digital en las empresas? Compa\u00f1\u00edas como la ONCE, Berg\u00e9 y Danosa, aportan su visi\u00f3n\" \/>\n<meta property=\"og:url\" content=\"https:\/\/improven.com\/cat\/transformacion-digital\/la-gestio-digital-com-a-pedra-angular-de-la-competitivitat-empresarial\/\" \/>\n<meta property=\"og:site_name\" content=\"Improven\" \/>\n<meta property=\"article:published_time\" content=\"2024-09-30T10:55:39+00:00\" \/>\n<meta property=\"article:modified_time\" content=\"2025-06-18T10:10:55+00:00\" \/>\n<meta property=\"og:image\" content=\"https:\/\/improven.com\/wp-content\/uploads\/2024\/09\/Improven-en-los-medios-3.jpg\" \/>\n\t<meta property=\"og:image:width\" content=\"1200\" \/>\n\t<meta property=\"og:image:height\" content=\"522\" \/>\n\t<meta property=\"og:image:type\" content=\"image\/jpeg\" \/>\n<meta name=\"author\" content=\"Okisam\" \/>\n<meta name=\"twitter:card\" content=\"summary_large_image\" \/>\n<meta name=\"twitter:label1\" content=\"Escrit per\" \/>\n\t<meta name=\"twitter:data1\" content=\"Okisam\" \/>\n\t<meta name=\"twitter:label2\" content=\"Temps estimat de lectura\" \/>\n\t<meta name=\"twitter:data2\" content=\"9 minuts\" \/>\n<script type=\"application\/ld+json\" class=\"yoast-schema-graph\">{\"@context\":\"https:\/\/schema.org\",\"@graph\":[{\"@type\":\"WebPage\",\"@id\":\"https:\/\/improven.com\/cat\/transformacion-digital\/la-gestio-digital-com-a-pedra-angular-de-la-competitivitat-empresarial\/\",\"url\":\"https:\/\/improven.com\/cat\/transformacion-digital\/la-gestio-digital-com-a-pedra-angular-de-la-competitivitat-empresarial\/\",\"name\":\"La gesti\u00f3n digital como piedra angular de la competitividad empresarial - Improven\",\"isPartOf\":{\"@id\":\"https:\/\/improven.com\/cat\/#website\"},\"datePublished\":\"2024-09-30T10:55:39+00:00\",\"dateModified\":\"2025-06-18T10:10:55+00:00\",\"author\":{\"@id\":\"https:\/\/improven.com\/cat\/#\/schema\/person\/686c81a4c05d5d4da80ef992762232c7\"},\"description\":\"\u00bfC\u00f3mo puede afectar la gesti\u00f3n digital en las empresas? Compa\u00f1\u00edas como la ONCE, Berg\u00e9 y Danosa, aportan su visi\u00f3n\",\"inLanguage\":\"ca\",\"potentialAction\":[{\"@type\":\"ReadAction\",\"target\":[\"https:\/\/improven.com\/cat\/transformacion-digital\/la-gestio-digital-com-a-pedra-angular-de-la-competitivitat-empresarial\/\"]}]},{\"@type\":\"WebSite\",\"@id\":\"https:\/\/improven.com\/cat\/#website\",\"url\":\"https:\/\/improven.com\/cat\/\",\"name\":\"Improven\",\"description\":\"\",\"potentialAction\":[{\"@type\":\"SearchAction\",\"target\":{\"@type\":\"EntryPoint\",\"urlTemplate\":\"https:\/\/improven.com\/cat\/?s={search_term_string}\"},\"query-input\":\"required name=search_term_string\"}],\"inLanguage\":\"ca\"},{\"@type\":\"Person\",\"@id\":\"https:\/\/improven.com\/cat\/#\/schema\/person\/686c81a4c05d5d4da80ef992762232c7\",\"name\":\"Okisam\",\"image\":{\"@type\":\"ImageObject\",\"inLanguage\":\"ca\",\"@id\":\"https:\/\/improven.com\/cat\/#\/schema\/person\/image\/\",\"url\":\"https:\/\/secure.gravatar.com\/avatar\/14e4ca291c3ad3ed5d90a305e404b3464e3af94d692344b481a2453b08e0c7c4?s=96&d=mm&r=g\",\"contentUrl\":\"https:\/\/secure.gravatar.com\/avatar\/14e4ca291c3ad3ed5d90a305e404b3464e3af94d692344b481a2453b08e0c7c4?s=96&d=mm&r=g\",\"caption\":\"Okisam\"},\"url\":\"https:\/\/improven.com\/cat\/author\/proyectosokisam-com\/\"}]}<\/script>\n<!-- \/ Yoast SEO plugin. -->","yoast_head_json":{"title":"La gesti\u00f3n digital como piedra angular de la competitividad empresarial - Improven","description":"\u00bfC\u00f3mo puede afectar la gesti\u00f3n digital en las empresas? Compa\u00f1\u00edas como la ONCE, Berg\u00e9 y Danosa, aportan su visi\u00f3n","robots":{"index":"index","follow":"follow","max-snippet":"max-snippet:-1","max-image-preview":"max-image-preview:large","max-video-preview":"max-video-preview:-1"},"canonical":"https:\/\/improven.com\/cat\/transformacion-digital\/la-gestio-digital-com-a-pedra-angular-de-la-competitivitat-empresarial\/","og_locale":"ca_ES","og_type":"article","og_title":"La gesti\u00f3n digital como piedra angular de la competitividad empresarial - Improven","og_description":"\u00bfC\u00f3mo puede afectar la gesti\u00f3n digital en las empresas? Compa\u00f1\u00edas como la ONCE, Berg\u00e9 y Danosa, aportan su visi\u00f3n","og_url":"https:\/\/improven.com\/cat\/transformacion-digital\/la-gestio-digital-com-a-pedra-angular-de-la-competitivitat-empresarial\/","og_site_name":"Improven","article_published_time":"2024-09-30T10:55:39+00:00","article_modified_time":"2025-06-18T10:10:55+00:00","og_image":[{"width":1200,"height":522,"url":"https:\/\/improven.com\/wp-content\/uploads\/2024\/09\/Improven-en-los-medios-3.jpg","type":"image\/jpeg"}],"author":"Okisam","twitter_card":"summary_large_image","twitter_misc":{"Escrit per":"Okisam","Temps estimat de lectura":"9 minuts"},"schema":{"@context":"https:\/\/schema.org","@graph":[{"@type":"WebPage","@id":"https:\/\/improven.com\/cat\/transformacion-digital\/la-gestio-digital-com-a-pedra-angular-de-la-competitivitat-empresarial\/","url":"https:\/\/improven.com\/cat\/transformacion-digital\/la-gestio-digital-com-a-pedra-angular-de-la-competitivitat-empresarial\/","name":"La gesti\u00f3n digital como piedra angular de la competitividad empresarial - Improven","isPartOf":{"@id":"https:\/\/improven.com\/cat\/#website"},"datePublished":"2024-09-30T10:55:39+00:00","dateModified":"2025-06-18T10:10:55+00:00","author":{"@id":"https:\/\/improven.com\/cat\/#\/schema\/person\/686c81a4c05d5d4da80ef992762232c7"},"description":"\u00bfC\u00f3mo puede afectar la gesti\u00f3n digital en las empresas? Compa\u00f1\u00edas como la ONCE, Berg\u00e9 y Danosa, aportan su visi\u00f3n","inLanguage":"ca","potentialAction":[{"@type":"ReadAction","target":["https:\/\/improven.com\/cat\/transformacion-digital\/la-gestio-digital-com-a-pedra-angular-de-la-competitivitat-empresarial\/"]}]},{"@type":"WebSite","@id":"https:\/\/improven.com\/cat\/#website","url":"https:\/\/improven.com\/cat\/","name":"Improven","description":"","potentialAction":[{"@type":"SearchAction","target":{"@type":"EntryPoint","urlTemplate":"https:\/\/improven.com\/cat\/?s={search_term_string}"},"query-input":"required name=search_term_string"}],"inLanguage":"ca"},{"@type":"Person","@id":"https:\/\/improven.com\/cat\/#\/schema\/person\/686c81a4c05d5d4da80ef992762232c7","name":"Okisam","image":{"@type":"ImageObject","inLanguage":"ca","@id":"https:\/\/improven.com\/cat\/#\/schema\/person\/image\/","url":"https:\/\/secure.gravatar.com\/avatar\/14e4ca291c3ad3ed5d90a305e404b3464e3af94d692344b481a2453b08e0c7c4?s=96&d=mm&r=g","contentUrl":"https:\/\/secure.gravatar.com\/avatar\/14e4ca291c3ad3ed5d90a305e404b3464e3af94d692344b481a2453b08e0c7c4?s=96&d=mm&r=g","caption":"Okisam"},"url":"https:\/\/improven.com\/cat\/author\/proyectosokisam-com\/"}]}},"_links":{"self":[{"href":"https:\/\/improven.com\/cat\/wp-json\/wp\/v2\/posts\/11462","targetHints":{"allow":["GET"]}}],"collection":[{"href":"https:\/\/improven.com\/cat\/wp-json\/wp\/v2\/posts"}],"about":[{"href":"https:\/\/improven.com\/cat\/wp-json\/wp\/v2\/types\/post"}],"author":[{"embeddable":true,"href":"https:\/\/improven.com\/cat\/wp-json\/wp\/v2\/users\/26"}],"replies":[{"embeddable":true,"href":"https:\/\/improven.com\/cat\/wp-json\/wp\/v2\/comments?post=11462"}],"version-history":[{"count":0,"href":"https:\/\/improven.com\/cat\/wp-json\/wp\/v2\/posts\/11462\/revisions"}],"wp:featuredmedia":[{"embeddable":true,"href":"https:\/\/improven.com\/cat\/wp-json\/wp\/v2\/media\/11474"}],"wp:attachment":[{"href":"https:\/\/improven.com\/cat\/wp-json\/wp\/v2\/media?parent=11462"}],"wp:term":[{"taxonomy":"category","embeddable":true,"href":"https:\/\/improven.com\/cat\/wp-json\/wp\/v2\/categories?post=11462"},{"taxonomy":"post_tag","embeddable":true,"href":"https:\/\/improven.com\/cat\/wp-json\/wp\/v2\/tags?post=11462"}],"curies":[{"name":"wp","href":"https:\/\/api.w.org\/{rel}","templated":true}]}}