{"id":10450,"date":"2018-07-02T10:04:00","date_gmt":"2018-07-02T10:04:00","guid":{"rendered":"https:\/\/improven.com\/?p=10450"},"modified":"2025-03-27T11:59:00","modified_gmt":"2025-03-27T11:59:00","slug":"servicio-de-asesoramiento-en-procesos-de-negocio-o-proceso-de-produccion","status":"publish","type":"post","link":"https:\/\/improven.com\/cat\/procesos\/servei-de-assessorament-en-processos-de-negoci-o-proces-de-produccio\/","title":{"rendered":"Servicio de Asesoramiento en Procesos de Negocio o Proceso de Producci\u00f3n"},"content":{"rendered":"<h2 class=\"wp-block-heading\"><strong>Quin \u00e9s l'objectiu?<\/strong><\/h2>\n\n\n\n<ul class=\"wp-block-list\">\n<li>Prestaci\u00f3 d'un servei d'assessorament que t\u00e9 com a objectiu identificar les \u00e0rees de millora i optimitzaci\u00f3 en els processos empresarials actuals i la definici\u00f3 d'un pla de millora de processos adaptat al negoci en \u00e0rees clau (RH, economicofinancer, operaci\u00f3, producte, clients, etc.). En lloc d'un proc\u00e9s empresarial, aquest servei d'assessorament pot orientar-se a l'optimitzaci\u00f3 d'algun dels processos de producci\u00f3 o fabricaci\u00f3. En qualsevol dels dos casos, es far\u00e0 \u00fas de t\u00e8cniques relacionades amb la intel\u00b7lig\u00e8ncia artificial, i s'inclou la realitzaci\u00f3 d'un cas d'\u00fas adaptat al negoci.<\/li>\n<\/ul>\n\n\n\n<div style=\"height:26px\" aria-hidden=\"true\" class=\"wp-block-spacer\"><\/div>\n\n\n\n<div class=\"wp-block-media-text is-stacked-on-mobile\" style=\"grid-template-columns:33% auto\"><figure class=\"wp-block-media-text__media\"><img loading=\"lazy\" decoding=\"async\" width=\"800\" height=\"350\" src=\"https:\/\/improven.com\/wp-content\/uploads\/2024\/06\/1-2.jpg\" alt=\"\" class=\"wp-image-10152 size-full\" srcset=\"https:\/\/improven.com\/wp-content\/uploads\/2024\/06\/1-2.jpg 800w, https:\/\/improven.com\/wp-content\/uploads\/2024\/06\/1-2-300x131.jpg 300w, https:\/\/improven.com\/wp-content\/uploads\/2024\/06\/1-2-768x336.jpg 768w, https:\/\/improven.com\/wp-content\/uploads\/2024\/06\/1-2-18x8.jpg 18w\" sizes=\"auto, (max-width: 800px) 100vw, 800px\" \/><\/figure><div class=\"wp-block-media-text__content\">\n<h2 class=\"wp-block-heading\"><strong>A quines activitats aplica?<\/strong><\/h2>\n<\/div><\/div>\n\n\n\n<div style=\"height:28px\" aria-hidden=\"true\" class=\"wp-block-spacer\"><\/div>\n\n\n\n<ul class=\"wp-block-list\">\n<li>Comprendre les metes estrat\u00e8giques, punts clau i objectius de la teva pime i alinear-les amb enfocament en la digitalitzaci\u00f3, \u00fas de la intel\u00b7lig\u00e8ncia artificial i millora dels processos empresarials (o, si \u00e9s el cas, proc\u00e9s de fabricaci\u00f3 seleccionat).<\/li>\n\n\n\n<li>Analitzar els processos empresarials que duus a terme actualment, per a identificar possibles millores. En el cas dels processos productius, es realitzar\u00e0 una an\u00e0lisi del proc\u00e9s de fabricaci\u00f3 seleccionat, identificant \u00e0rees d'oportunitat per a l'efici\u00e8ncia, qualitat i millora cont\u00ednua.<\/li>\n\n\n\n<li>Comunicar de manera efectiva als empleats de la teva pime la rellev\u00e0ncia estrat\u00e8gica de la digitalitzaci\u00f3 de processos, destacant com aix\u00f2 no sols optimitza el treball diari, sin\u00f3 tamb\u00e9 enforteix la competitivitat.<\/li>\n\n\n\n<li>Proporcionar assessorament especialitzat en eines de gesti\u00f3 de processos de negoci i d'intel\u00b7lig\u00e8ncia artificial, abastant des de vendes i recursos humans fins a la gesti\u00f3 de projectes, i destacant solucions espec\u00edfiques per a millorar l'efici\u00e8ncia i qualitat. Si, en el seu lloc, s'ha optat per un proc\u00e9s de fabricaci\u00f3, es proporcionar\u00e0 assessorament en eines i tecnologia per a l'optimitzaci\u00f3 i automatitzaci\u00f3 d'aquest proc\u00e9s productiu.<\/li>\n\n\n\n<li>Desenvolupar i executar un cas d'\u00fas adaptat a o pime, utilitzant les t\u00e8cniques apropiades, per a l'optimitzaci\u00f3 d'un proc\u00e9s de negoci o, si \u00e9s el cas, proc\u00e9s de fabricaci\u00f3.<\/li>\n\n\n\n<li>Identificar oportunitats o possibles usos de la IA en l'\u00e0mbit dels processos de negoci o, si \u00e9s el cas, processos de producci\u00f3.<\/li>\n<\/ul>\n\n\n\n<div style=\"height:42px\" aria-hidden=\"true\" class=\"wp-block-spacer\"><\/div>\n\n\n\n<div class=\"wp-block-media-text is-stacked-on-mobile\" style=\"grid-template-columns:33% auto\"><figure class=\"wp-block-media-text__media\"><img loading=\"lazy\" decoding=\"async\" width=\"800\" height=\"350\" src=\"https:\/\/improven.com\/wp-content\/uploads\/2024\/06\/1.jpg\" alt=\"analisis de ventas\" class=\"wp-image-9980 size-full\" srcset=\"https:\/\/improven.com\/wp-content\/uploads\/2024\/06\/1.jpg 800w, https:\/\/improven.com\/wp-content\/uploads\/2024\/06\/1-300x131.jpg 300w, https:\/\/improven.com\/wp-content\/uploads\/2024\/06\/1-768x336.jpg 768w, https:\/\/improven.com\/wp-content\/uploads\/2024\/06\/1-18x8.jpg 18w\" sizes=\"auto, (max-width: 800px) 100vw, 800px\" \/><\/figure><div class=\"wp-block-media-text__content\">\n<h2 class=\"wp-block-heading\"><strong>Quin \u00e9s l'import de l'ajuda?<\/strong><\/h2>\n<\/div><\/div>\n\n\n\n<div style=\"height:28px\" aria-hidden=\"true\" class=\"wp-block-spacer\"><\/div>\n\n\n\n<ul class=\"wp-block-list\">\n<li>10 &lt; 50 empleats: 6.000\u20ac<\/li>\n\n\n\n<li>50 &lt; 100 empleats: 6.000\u20ac<\/li>\n\n\n\n<li>100 &lt; 250 empleats: 6.000\u20ac<\/li>\n<\/ul>\n\n\n\n<div style=\"height:33px\" aria-hidden=\"true\" class=\"wp-block-spacer\"><\/div>\n\n\n\n<div class=\"wp-block-buttons is-content-justification-center is-layout-flex wp-container-core-buttons-is-layout-16018d1d wp-block-buttons-is-layout-flex\">\n<div class=\"wp-block-button has-custom-width wp-block-button__width-50 has-custom-font-size has-small-font-size\"><a class=\"wp-block-button__link has-white-color has-text-color has-background has-link-color wp-element-button\" style=\"background-color:#f55d3e\"><strong>Vull aquesta ajuda!<\/strong><\/a><\/div>\n<\/div>","protected":false},"excerpt":{"rendered":"<p>Quin \u00e9s l'objectiu? A quines activitats aplica? Quin \u00e9s l'import de l'ajuda?<\/p>","protected":false},"author":26,"featured_media":10358,"comment_status":"closed","ping_status":"closed","sticky":false,"template":"","format":"standard","meta":{"_acf_changed":false,"footnotes":""},"categories":[32,131,35,133],"tags":[],"class_list":["post-10450","post","type-post","status-publish","format-standard","has-post-thumbnail","hentry","category-actualidad","category-articulo","category-procesos","category-produccion"],"acf":[],"yoast_head":"<!-- This site is optimized with the Yoast SEO plugin v21.2 - https:\/\/yoast.com\/wordpress\/plugins\/seo\/ -->\n<title>Servicio de Asesoramiento en Procesos de Negocio o Proceso de Producci\u00f3n - Improven<\/title>\n<meta name=\"robots\" content=\"index, follow, max-snippet:-1, max-image-preview:large, max-video-preview:-1\" \/>\n<link rel=\"canonical\" href=\"https:\/\/improven.com\/cat\/procesos\/servei-de-assessorament-en-processos-de-negoci-o-proces-de-produccio\/\" \/>\n<meta property=\"og:locale\" content=\"ca_ES\" \/>\n<meta property=\"og:type\" content=\"article\" \/>\n<meta property=\"og:title\" content=\"Servicio de Asesoramiento en Procesos de Negocio o Proceso de Producci\u00f3n - Improven\" \/>\n<meta property=\"og:description\" content=\"\u00bfCu\u00e1l es el objetivo? \u00bfA qu\u00e9 actividades aplica? \u00bfCu\u00e1l es el importe de la ayuda?\" \/>\n<meta property=\"og:url\" content=\"https:\/\/improven.com\/cat\/procesos\/servei-de-assessorament-en-processos-de-negoci-o-proces-de-produccio\/\" \/>\n<meta property=\"og:site_name\" content=\"Improven\" \/>\n<meta property=\"article:published_time\" content=\"2018-07-02T10:04:00+00:00\" \/>\n<meta property=\"article:modified_time\" content=\"2025-03-27T11:59:00+00:00\" \/>\n<meta property=\"og:image\" content=\"https:\/\/improven.com\/wp-content\/uploads\/2024\/07\/para-linkedin.jpg\" \/>\n\t<meta property=\"og:image:width\" content=\"1200\" \/>\n\t<meta property=\"og:image:height\" content=\"522\" \/>\n\t<meta property=\"og:image:type\" content=\"image\/jpeg\" \/>\n<meta name=\"author\" content=\"Okisam\" \/>\n<meta name=\"twitter:card\" content=\"summary_large_image\" \/>\n<meta name=\"twitter:label1\" content=\"Escrit per\" \/>\n\t<meta name=\"twitter:data1\" content=\"Okisam\" \/>\n\t<meta name=\"twitter:label2\" content=\"Temps estimat de lectura\" \/>\n\t<meta name=\"twitter:data2\" content=\"2 minuts\" \/>\n<script type=\"application\/ld+json\" class=\"yoast-schema-graph\">{\"@context\":\"https:\/\/schema.org\",\"@graph\":[{\"@type\":\"WebPage\",\"@id\":\"https:\/\/improven.com\/cat\/procesos\/servei-de-assessorament-en-processos-de-negoci-o-proces-de-produccio\/\",\"url\":\"https:\/\/improven.com\/cat\/procesos\/servei-de-assessorament-en-processos-de-negoci-o-proces-de-produccio\/\",\"name\":\"Servicio de Asesoramiento en Procesos de Negocio o Proceso de Producci\u00f3n - Improven\",\"isPartOf\":{\"@id\":\"https:\/\/improven.com\/cat\/#website\"},\"datePublished\":\"2018-07-02T10:04:00+00:00\",\"dateModified\":\"2025-03-27T11:59:00+00:00\",\"author\":{\"@id\":\"https:\/\/improven.com\/cat\/#\/schema\/person\/686c81a4c05d5d4da80ef992762232c7\"},\"inLanguage\":\"ca\",\"potentialAction\":[{\"@type\":\"ReadAction\",\"target\":[\"https:\/\/improven.com\/cat\/procesos\/servei-de-assessorament-en-processos-de-negoci-o-proces-de-produccio\/\"]}]},{\"@type\":\"WebSite\",\"@id\":\"https:\/\/improven.com\/cat\/#website\",\"url\":\"https:\/\/improven.com\/cat\/\",\"name\":\"Improven\",\"description\":\"\",\"potentialAction\":[{\"@type\":\"SearchAction\",\"target\":{\"@type\":\"EntryPoint\",\"urlTemplate\":\"https:\/\/improven.com\/cat\/?s={search_term_string}\"},\"query-input\":\"required name=search_term_string\"}],\"inLanguage\":\"ca\"},{\"@type\":\"Person\",\"@id\":\"https:\/\/improven.com\/cat\/#\/schema\/person\/686c81a4c05d5d4da80ef992762232c7\",\"name\":\"Okisam\",\"image\":{\"@type\":\"ImageObject\",\"inLanguage\":\"ca\",\"@id\":\"https:\/\/improven.com\/cat\/#\/schema\/person\/image\/\",\"url\":\"https:\/\/secure.gravatar.com\/avatar\/14e4ca291c3ad3ed5d90a305e404b3464e3af94d692344b481a2453b08e0c7c4?s=96&d=mm&r=g\",\"contentUrl\":\"https:\/\/secure.gravatar.com\/avatar\/14e4ca291c3ad3ed5d90a305e404b3464e3af94d692344b481a2453b08e0c7c4?s=96&d=mm&r=g\",\"caption\":\"Okisam\"},\"url\":\"https:\/\/improven.com\/cat\/author\/proyectosokisam-com\/\"}]}<\/script>\n<!-- \/ Yoast SEO plugin. -->","yoast_head_json":{"title":"Servicio de Asesoramiento en Procesos de Negocio o Proceso de Producci\u00f3n - Improven","robots":{"index":"index","follow":"follow","max-snippet":"max-snippet:-1","max-image-preview":"max-image-preview:large","max-video-preview":"max-video-preview:-1"},"canonical":"https:\/\/improven.com\/cat\/procesos\/servei-de-assessorament-en-processos-de-negoci-o-proces-de-produccio\/","og_locale":"ca_ES","og_type":"article","og_title":"Servicio de Asesoramiento en Procesos de Negocio o Proceso de Producci\u00f3n - Improven","og_description":"\u00bfCu\u00e1l es el objetivo? \u00bfA qu\u00e9 actividades aplica? \u00bfCu\u00e1l es el importe de la ayuda?","og_url":"https:\/\/improven.com\/cat\/procesos\/servei-de-assessorament-en-processos-de-negoci-o-proces-de-produccio\/","og_site_name":"Improven","article_published_time":"2018-07-02T10:04:00+00:00","article_modified_time":"2025-03-27T11:59:00+00:00","og_image":[{"width":1200,"height":522,"url":"https:\/\/improven.com\/wp-content\/uploads\/2024\/07\/para-linkedin.jpg","type":"image\/jpeg"}],"author":"Okisam","twitter_card":"summary_large_image","twitter_misc":{"Escrit per":"Okisam","Temps estimat de lectura":"2 minuts"},"schema":{"@context":"https:\/\/schema.org","@graph":[{"@type":"WebPage","@id":"https:\/\/improven.com\/cat\/procesos\/servei-de-assessorament-en-processos-de-negoci-o-proces-de-produccio\/","url":"https:\/\/improven.com\/cat\/procesos\/servei-de-assessorament-en-processos-de-negoci-o-proces-de-produccio\/","name":"Servicio de Asesoramiento en Procesos de Negocio o Proceso de Producci\u00f3n - Improven","isPartOf":{"@id":"https:\/\/improven.com\/cat\/#website"},"datePublished":"2018-07-02T10:04:00+00:00","dateModified":"2025-03-27T11:59:00+00:00","author":{"@id":"https:\/\/improven.com\/cat\/#\/schema\/person\/686c81a4c05d5d4da80ef992762232c7"},"inLanguage":"ca","potentialAction":[{"@type":"ReadAction","target":["https:\/\/improven.com\/cat\/procesos\/servei-de-assessorament-en-processos-de-negoci-o-proces-de-produccio\/"]}]},{"@type":"WebSite","@id":"https:\/\/improven.com\/cat\/#website","url":"https:\/\/improven.com\/cat\/","name":"Improven","description":"","potentialAction":[{"@type":"SearchAction","target":{"@type":"EntryPoint","urlTemplate":"https:\/\/improven.com\/cat\/?s={search_term_string}"},"query-input":"required name=search_term_string"}],"inLanguage":"ca"},{"@type":"Person","@id":"https:\/\/improven.com\/cat\/#\/schema\/person\/686c81a4c05d5d4da80ef992762232c7","name":"Okisam","image":{"@type":"ImageObject","inLanguage":"ca","@id":"https:\/\/improven.com\/cat\/#\/schema\/person\/image\/","url":"https:\/\/secure.gravatar.com\/avatar\/14e4ca291c3ad3ed5d90a305e404b3464e3af94d692344b481a2453b08e0c7c4?s=96&d=mm&r=g","contentUrl":"https:\/\/secure.gravatar.com\/avatar\/14e4ca291c3ad3ed5d90a305e404b3464e3af94d692344b481a2453b08e0c7c4?s=96&d=mm&r=g","caption":"Okisam"},"url":"https:\/\/improven.com\/cat\/author\/proyectosokisam-com\/"}]}},"_links":{"self":[{"href":"https:\/\/improven.com\/cat\/wp-json\/wp\/v2\/posts\/10450","targetHints":{"allow":["GET"]}}],"collection":[{"href":"https:\/\/improven.com\/cat\/wp-json\/wp\/v2\/posts"}],"about":[{"href":"https:\/\/improven.com\/cat\/wp-json\/wp\/v2\/types\/post"}],"author":[{"embeddable":true,"href":"https:\/\/improven.com\/cat\/wp-json\/wp\/v2\/users\/26"}],"replies":[{"embeddable":true,"href":"https:\/\/improven.com\/cat\/wp-json\/wp\/v2\/comments?post=10450"}],"version-history":[{"count":0,"href":"https:\/\/improven.com\/cat\/wp-json\/wp\/v2\/posts\/10450\/revisions"}],"wp:featuredmedia":[{"embeddable":true,"href":"https:\/\/improven.com\/cat\/wp-json\/wp\/v2\/media\/10358"}],"wp:attachment":[{"href":"https:\/\/improven.com\/cat\/wp-json\/wp\/v2\/media?parent=10450"}],"wp:term":[{"taxonomy":"category","embeddable":true,"href":"https:\/\/improven.com\/cat\/wp-json\/wp\/v2\/categories?post=10450"},{"taxonomy":"post_tag","embeddable":true,"href":"https:\/\/improven.com\/cat\/wp-json\/wp\/v2\/tags?post=10450"}],"curies":[{"name":"wp","href":"https:\/\/api.w.org\/{rel}","templated":true}]}}